{"id":812,"date":"2016-08-21T18:58:14","date_gmt":"2016-08-21T17:58:14","guid":{"rendered":"https:\/\/alejandrapoupel.com\/?p=812"},"modified":"2020-10-02T16:02:34","modified_gmt":"2020-10-02T15:02:34","slug":"the-reopening-of-the-ritz-paris-vendome","status":"publish","type":"post","link":"https:\/\/alejandrapoupel.com\/fr\/the-reopening-of-the-ritz-paris-vendome\/","title":{"rendered":"R\u00e9ouverture du Ritz Paris Vend\u00f4me"},"content":{"rendered":"<p><\/p>\n<p style=\"text-align: center;\"><span style=\"color: #000000;\">En tant qu\u2019organisatrice d\u2019\u00e9v\u00e8nements prestigieux, je suis en qu\u00eate constante de nouveaux lieux \u00e0 proposer \u00e0 ma client\u00e8le internationale, des endroits d\u2019exception qui feront la diff\u00e9rence. C\u2019est avec enthousiasme que je partage l\u2019information avec mes lecteurs, la r\u00e9ouverture tant attendue de l\u2019h\u00f4tel mythique de la place Vend\u00f4me, Le Ritz Paris, depuis le 6 juin 2016. Cette adresse sera bien \u00e9videmment r\u00e9pertori\u00e9e parmi les 10 h\u00f4tels les plus luxueux et propos\u00e9e \u00e0 mes clients internationaux et locaux, \u00e0 la recherche d\u2019un lieu offrant \u00e0 la fois de superbes terrasses, une gastronomie exceptionnelle et des salons \u00e9l\u00e9gants et chics.<\/span><\/p>\n<p style=\"text-align: center;\"><span style=\"color: #000000;\"><img loading=\"lazy\" decoding=\"async\" class=\"aligncenter wp-image-800\" src=\"https:\/\/alejandrapoupel.com\/wp-content\/uploads\/2016\/08\/mansar-quartier.jpg\" alt=\"mansar-quartier\" width=\"799\" height=\"306\" srcset=\"https:\/\/alejandrapoupel.com\/wp-content\/uploads\/2016\/08\/mansar-quartier.jpg 1700w, https:\/\/alejandrapoupel.com\/wp-content\/uploads\/2016\/08\/mansar-quartier-300x115.jpg 300w, https:\/\/alejandrapoupel.com\/wp-content\/uploads\/2016\/08\/mansar-quartier-1024x392.jpg 1024w, https:\/\/alejandrapoupel.com\/wp-content\/uploads\/2016\/08\/mansar-quartier-768x294.jpg 768w, https:\/\/alejandrapoupel.com\/wp-content\/uploads\/2016\/08\/mansar-quartier-1536x587.jpg 1536w, https:\/\/alejandrapoupel.com\/wp-content\/uploads\/2016\/08\/mansar-quartier-1046x400.jpg 1046w\" sizes=\"(max-width: 799px) 100vw, 799px\" \/><\/span><\/p>\n<h2 style=\"text-align: center;\"><span style=\"color: #000000;\">4 ans de travaux pour\u00a0offrir un nouveau souffle \u00e0 ce lieu l\u00e9gendaire de la Place Vend\u00f4me : le Ritz Paris.\u00a0<\/span><\/h2>\n<p style=\"text-align: center;\"><span style=\"color: #000000;\">2012, 1er ao\u00fbt, 14h : dernier check-out avant fermeture. En r\u00e9novation compl\u00e8te depuis 2012, l\u2019h\u00f4tel de prestige est enfin pr\u00eat \u00e0 accueillir ses clients dans un cadre luxueux, avec 71 chambres et 71 suites dans un esprit d\u00e9licat \u00ab\u00a0\u00e0 la fran\u00e7aise\u00a0\u00bb. Chaque recoin du Ritz est magnifique, mais je recommande la visite de l\u2019immense suite Coco Chanel situ\u00e9e au premier \u00e9tage ou encore la suite Op\u00e9ra, au dernier \u00e9tage, dont la vue est\u00a0 \u00e0 couper le souffle\u00a0!\u00a0<\/span><\/p>\n<p style=\"text-align: center;\"><span style=\"color: #000000;\"><img loading=\"lazy\" decoding=\"async\" class=\"aligncenter wp-image-802\" src=\"https:\/\/alejandrapoupel.com\/wp-content\/uploads\/2016\/08\/ritz-paris-hotel-suite-coco-chanel.jpg\" alt=\"ritz-paris-hotel-suite-coco-chanel\" width=\"802\" height=\"417\" srcset=\"https:\/\/alejandrapoupel.com\/wp-content\/uploads\/2016\/08\/ritz-paris-hotel-suite-coco-chanel.jpg 1440w, https:\/\/alejandrapoupel.com\/wp-content\/uploads\/2016\/08\/ritz-paris-hotel-suite-coco-chanel-300x156.jpg 300w, https:\/\/alejandrapoupel.com\/wp-content\/uploads\/2016\/08\/ritz-paris-hotel-suite-coco-chanel-1024x532.jpg 1024w, https:\/\/alejandrapoupel.com\/wp-content\/uploads\/2016\/08\/ritz-paris-hotel-suite-coco-chanel-768x399.jpg 768w, https:\/\/alejandrapoupel.com\/wp-content\/uploads\/2016\/08\/ritz-paris-hotel-suite-coco-chanel-770x400.jpg 770w\" sizes=\"(max-width: 802px) 100vw, 802px\" \/><\/span><\/p>\n<p style=\"text-align: center;\"><span style=\"color: #000000;\">Les couleurs sont douces, dans des tons nude de beige, cr\u00e8me, qui participent \u00e0 une atmosph\u00e8re intimiste dans laquelle on se sent bien, et offrent une grande luminosit\u00e9.\u00a0<\/span><\/p>\n<p style=\"text-align: center;\"><span style=\"color: #000000;\">Dans la suite Imp\u00e9riale, vous vous sentirez comme une Princesse du 19\u00e8me si\u00e8cle.\u00a0<\/span><\/p>\n<div id=\"attachment_828\" style=\"width: 814px\" class=\"wp-caption aligncenter\"><img loading=\"lazy\" decoding=\"async\" aria-describedby=\"caption-attachment-828\" class=\"wp-image-828\" src=\"https:\/\/alejandrapoupel.com\/wp-content\/uploads\/2016\/08\/Suite-Imp\u00e9riale-\u00a9-Vincent-Leroux-12.jpg\" alt=\"La Suite Imp\u00e9riale.\" width=\"804\" height=\"537\" srcset=\"https:\/\/alejandrapoupel.com\/wp-content\/uploads\/2016\/08\/Suite-Imp\u00e9riale-\u00a9-Vincent-Leroux-12.jpg 2048w, https:\/\/alejandrapoupel.com\/wp-content\/uploads\/2016\/08\/Suite-Imp\u00e9riale-\u00a9-Vincent-Leroux-12-300x200.jpg 300w, https:\/\/alejandrapoupel.com\/wp-content\/uploads\/2016\/08\/Suite-Imp\u00e9riale-\u00a9-Vincent-Leroux-12-1024x684.jpg 1024w, https:\/\/alejandrapoupel.com\/wp-content\/uploads\/2016\/08\/Suite-Imp\u00e9riale-\u00a9-Vincent-Leroux-12-768x513.jpg 768w, https:\/\/alejandrapoupel.com\/wp-content\/uploads\/2016\/08\/Suite-Imp\u00e9riale-\u00a9-Vincent-Leroux-12-1536x1025.jpg 1536w, https:\/\/alejandrapoupel.com\/wp-content\/uploads\/2016\/08\/Suite-Imp\u00e9riale-\u00a9-Vincent-Leroux-12-599x400.jpg 599w\" sizes=\"(max-width: 804px) 100vw, 804px\" \/><p id=\"caption-attachment-828\" class=\"wp-caption-text\">La Suite Imp\u00e9riale.<\/p><\/div>\n<div id=\"attachment_830\" style=\"width: 810px\" class=\"wp-caption aligncenter\"><img loading=\"lazy\" decoding=\"async\" aria-describedby=\"caption-attachment-830\" class=\" wp-image-830\" src=\"https:\/\/alejandrapoupel.com\/wp-content\/uploads\/2016\/08\/Suite-Windsor-\u00a9-Vincent-Leroux-11.jpg\" alt=\"La Suite Windsor.\" width=\"800\" height=\"534\" srcset=\"https:\/\/alejandrapoupel.com\/wp-content\/uploads\/2016\/08\/Suite-Windsor-\u00a9-Vincent-Leroux-11.jpg 2048w, https:\/\/alejandrapoupel.com\/wp-content\/uploads\/2016\/08\/Suite-Windsor-\u00a9-Vincent-Leroux-11-300x200.jpg 300w, https:\/\/alejandrapoupel.com\/wp-content\/uploads\/2016\/08\/Suite-Windsor-\u00a9-Vincent-Leroux-11-1024x684.jpg 1024w, https:\/\/alejandrapoupel.com\/wp-content\/uploads\/2016\/08\/Suite-Windsor-\u00a9-Vincent-Leroux-11-768x513.jpg 768w, https:\/\/alejandrapoupel.com\/wp-content\/uploads\/2016\/08\/Suite-Windsor-\u00a9-Vincent-Leroux-11-1536x1025.jpg 1536w, https:\/\/alejandrapoupel.com\/wp-content\/uploads\/2016\/08\/Suite-Windsor-\u00a9-Vincent-Leroux-11-599x400.jpg 599w\" sizes=\"(max-width: 800px) 100vw, 800px\" \/><p id=\"caption-attachment-830\" class=\"wp-caption-text\">La Suite Windsor.<\/p><\/div>\n<div id=\"attachment_829\" style=\"width: 545px\" class=\"wp-caption aligncenter\"><img loading=\"lazy\" decoding=\"async\" aria-describedby=\"caption-attachment-829\" class=\" wp-image-829\" src=\"https:\/\/alejandrapoupel.com\/wp-content\/uploads\/2016\/08\/Suite-Vend\u00f4me-\u00a9-Vincent-Leroux-3.jpg\" alt=\"La Suite Vend\u00f4me. \" width=\"535\" height=\"801\" srcset=\"https:\/\/alejandrapoupel.com\/wp-content\/uploads\/2016\/08\/Suite-Vend\u00f4me-\u00a9-Vincent-Leroux-3.jpg 1367w, https:\/\/alejandrapoupel.com\/wp-content\/uploads\/2016\/08\/Suite-Vend\u00f4me-\u00a9-Vincent-Leroux-3-200x300.jpg 200w, https:\/\/alejandrapoupel.com\/wp-content\/uploads\/2016\/08\/Suite-Vend\u00f4me-\u00a9-Vincent-Leroux-3-684x1024.jpg 684w, https:\/\/alejandrapoupel.com\/wp-content\/uploads\/2016\/08\/Suite-Vend\u00f4me-\u00a9-Vincent-Leroux-3-768x1151.jpg 768w, https:\/\/alejandrapoupel.com\/wp-content\/uploads\/2016\/08\/Suite-Vend\u00f4me-\u00a9-Vincent-Leroux-3-1025x1536.jpg 1025w, https:\/\/alejandrapoupel.com\/wp-content\/uploads\/2016\/08\/Suite-Vend\u00f4me-\u00a9-Vincent-Leroux-3-267x400.jpg 267w, https:\/\/alejandrapoupel.com\/wp-content\/uploads\/2016\/08\/Suite-Vend\u00f4me-\u00a9-Vincent-Leroux-3-300x449.jpg 300w\" sizes=\"(max-width: 535px) 100vw, 535px\" \/><p id=\"caption-attachment-829\" class=\"wp-caption-text\">La Suite Vend\u00f4me.<\/p><\/div>\n<hr \/>\n<h2 style=\"text-align: center;\"><span style=\"color: #000000;\"><i>L\u2019art de recevoir au Ritz.\u00a0<\/i><\/span><\/h2>\n<p style=\"text-align: center;\"><span style=\"color: #000000;\">L\u2019un des objectifs de la r\u00e9novation \u00e9tait de mettre en valeur <strong>le Jardin<\/strong>. D\u00e9sormais, les clients et invit\u00e9s pourront profiter du Grand Jardin \u00e0 la fran\u00e7aise, et d\u2019une lumineuse terrasse, bord\u00e9e de 26 tilleuls taill\u00e9s en marquise. Ici, le seul bruit que vous entendrez est le chant des oiseaux. \u00a0Si vous souhaitez y organiser un \u00e9v\u00e8nement,\u00a0vous avez la possibilit\u00e9 de privatiser le Grand Jardin, dont la superficie est de 1600 m\u00e8tres carr\u00e9s.<\/span><\/p>\n<div id=\"attachment_827\" style=\"width: 816px\" class=\"wp-caption aligncenter\"><img loading=\"lazy\" decoding=\"async\" aria-describedby=\"caption-attachment-827\" class=\" wp-image-827\" src=\"https:\/\/alejandrapoupel.com\/wp-content\/uploads\/2016\/08\/Grand-Jardin-\u00a9-Vincent-Leroux-3.jpg\" alt=\"Grand Jardin\" width=\"806\" height=\"538\" srcset=\"https:\/\/alejandrapoupel.com\/wp-content\/uploads\/2016\/08\/Grand-Jardin-\u00a9-Vincent-Leroux-3.jpg 2048w, https:\/\/alejandrapoupel.com\/wp-content\/uploads\/2016\/08\/Grand-Jardin-\u00a9-Vincent-Leroux-3-300x200.jpg 300w, https:\/\/alejandrapoupel.com\/wp-content\/uploads\/2016\/08\/Grand-Jardin-\u00a9-Vincent-Leroux-3-1024x684.jpg 1024w, https:\/\/alejandrapoupel.com\/wp-content\/uploads\/2016\/08\/Grand-Jardin-\u00a9-Vincent-Leroux-3-768x513.jpg 768w, https:\/\/alejandrapoupel.com\/wp-content\/uploads\/2016\/08\/Grand-Jardin-\u00a9-Vincent-Leroux-3-1536x1025.jpg 1536w, https:\/\/alejandrapoupel.com\/wp-content\/uploads\/2016\/08\/Grand-Jardin-\u00a9-Vincent-Leroux-3-599x400.jpg 599w\" sizes=\"(max-width: 806px) 100vw, 806px\" \/><p id=\"caption-attachment-827\" class=\"wp-caption-text\">Grand Jardin.<\/p><\/div>\n<p style=\"text-align: center;\"><span style=\"color: #000000;\">Juste \u00e0 c\u00f4t\u00e9, le <strong>bar Hemingway<\/strong> o\u00f9 officie le c\u00e9l\u00e8bre bartender Colin Peter Field, \u00e9lu meilleur du monde par ses pairs. Le <strong>bar Vend\u00f4me<\/strong> est dot\u00e9 d\u2019une terrasse, poss\u00e9dant un toit r\u00e9tractable, que l\u2019on peut ouvrir ou fermer \u00e0 notre guise selon la saison, pour le transformer en Jardin d&rsquo;Hiver cosy.\u00a0<\/span><\/p>\n<p style=\"text-align: center;\"><span style=\"color: #000000;\">Recevoir vos invit\u00e9s au Ritz est synonyme de c\u00e9l\u00e9bration de l\u2019art de l\u2019excellence. Pour cela, l\u2019\u00e9l\u00e9gance des <strong>salons de r\u00e9ception<\/strong> et le savoir-faire du personnel rendra vos \u00e9v\u00e8nements exceptionnels. Ces diff\u00e9rents espaces ont \u00e9t\u00e9 enti\u00e8rement r\u00e9nov\u00e9s, pour se doter des derni\u00e8res innovations en mati\u00e8re de son et de lumi\u00e8re, pour une exp\u00e9rience unique, et chic. Le renomm\u00e9 Chef Nicolas Sale se charge de r\u00e9galer vos convives.\u00a0<\/span><\/p>\n<p style=\"text-align: center;\"><span style=\"color: #000000;\"><img loading=\"lazy\" decoding=\"async\" class=\"aligncenter wp-image-801\" src=\"https:\/\/alejandrapoupel.com\/wp-content\/uploads\/2016\/08\/ritz-paris-hotel-recevoir-au-ritz-paris.jpg\" alt=\"ritz-paris-hotel-recevoir-au-ritz-paris\" width=\"796\" height=\"414\" srcset=\"https:\/\/alejandrapoupel.com\/wp-content\/uploads\/2016\/08\/ritz-paris-hotel-recevoir-au-ritz-paris.jpg 1440w, https:\/\/alejandrapoupel.com\/wp-content\/uploads\/2016\/08\/ritz-paris-hotel-recevoir-au-ritz-paris-300x156.jpg 300w, https:\/\/alejandrapoupel.com\/wp-content\/uploads\/2016\/08\/ritz-paris-hotel-recevoir-au-ritz-paris-1024x532.jpg 1024w, https:\/\/alejandrapoupel.com\/wp-content\/uploads\/2016\/08\/ritz-paris-hotel-recevoir-au-ritz-paris-768x399.jpg 768w, https:\/\/alejandrapoupel.com\/wp-content\/uploads\/2016\/08\/ritz-paris-hotel-recevoir-au-ritz-paris-770x400.jpg 770w\" sizes=\"(max-width: 796px) 100vw, 796px\" \/><\/span><\/p>\n<p style=\"text-align: justify;\"><span style=\"color: #000000;\">De capacit\u00e9s d\u2019accueil variables, huit salons s\u2019offrent \u00e0 vous, pour un moment raffin\u00e9 avec vos invit\u00e9s. Le Salon de Gramont peut accueillir de 25 \u00e0 105 personnes, selon le format choisi, tandis que le\u00a0 plus spacieux d\u2019entre eux, le Salon Vend\u00f4me, d\u2019une superficie de 216 m2 a une capacit\u00e9 de 325 personnes pour un cocktail, et 130 si vous optez pour une mise en sc\u00e8ne de type cabaret.\u00a0<\/span><\/p>\n<div id=\"attachment_835\" style=\"width: 550px\" class=\"wp-caption aligncenter\"><img loading=\"lazy\" decoding=\"async\" aria-describedby=\"caption-attachment-835\" class=\"wp-image-835 \" src=\"https:\/\/alejandrapoupel.com\/wp-content\/uploads\/2016\/08\/Salon-de-Gramont-\u00a9-Vincent-Leroux-3.jpg\" alt=\"Le Salon de Gramont\" width=\"540\" height=\"809\" srcset=\"https:\/\/alejandrapoupel.com\/wp-content\/uploads\/2016\/08\/Salon-de-Gramont-\u00a9-Vincent-Leroux-3.jpg 1367w, https:\/\/alejandrapoupel.com\/wp-content\/uploads\/2016\/08\/Salon-de-Gramont-\u00a9-Vincent-Leroux-3-200x300.jpg 200w, https:\/\/alejandrapoupel.com\/wp-content\/uploads\/2016\/08\/Salon-de-Gramont-\u00a9-Vincent-Leroux-3-684x1024.jpg 684w, https:\/\/alejandrapoupel.com\/wp-content\/uploads\/2016\/08\/Salon-de-Gramont-\u00a9-Vincent-Leroux-3-768x1151.jpg 768w, https:\/\/alejandrapoupel.com\/wp-content\/uploads\/2016\/08\/Salon-de-Gramont-\u00a9-Vincent-Leroux-3-1025x1536.jpg 1025w, https:\/\/alejandrapoupel.com\/wp-content\/uploads\/2016\/08\/Salon-de-Gramont-\u00a9-Vincent-Leroux-3-267x400.jpg 267w, https:\/\/alejandrapoupel.com\/wp-content\/uploads\/2016\/08\/Salon-de-Gramont-\u00a9-Vincent-Leroux-3-300x449.jpg 300w\" sizes=\"(max-width: 540px) 100vw, 540px\" \/><p id=\"caption-attachment-835\" class=\"wp-caption-text\">Le Salon de Gramont<\/p><\/div>\n<p>&nbsp;<\/p>\n<div id=\"attachment_834\" style=\"width: 830px\" class=\"wp-caption aligncenter\"><img loading=\"lazy\" decoding=\"async\" aria-describedby=\"caption-attachment-834\" class=\" wp-image-834\" src=\"https:\/\/alejandrapoupel.com\/wp-content\/uploads\/2016\/08\/Salon-C\u00e9sar-Ritz-\u00a9-Vincent-Leroux-2.jpg\" alt=\"Le Salon C\u00e9sar Ritz.\" width=\"820\" height=\"547\" srcset=\"https:\/\/alejandrapoupel.com\/wp-content\/uploads\/2016\/08\/Salon-C\u00e9sar-Ritz-\u00a9-Vincent-Leroux-2.jpg 2048w, https:\/\/alejandrapoupel.com\/wp-content\/uploads\/2016\/08\/Salon-C\u00e9sar-Ritz-\u00a9-Vincent-Leroux-2-300x200.jpg 300w, https:\/\/alejandrapoupel.com\/wp-content\/uploads\/2016\/08\/Salon-C\u00e9sar-Ritz-\u00a9-Vincent-Leroux-2-1024x684.jpg 1024w, https:\/\/alejandrapoupel.com\/wp-content\/uploads\/2016\/08\/Salon-C\u00e9sar-Ritz-\u00a9-Vincent-Leroux-2-768x513.jpg 768w, https:\/\/alejandrapoupel.com\/wp-content\/uploads\/2016\/08\/Salon-C\u00e9sar-Ritz-\u00a9-Vincent-Leroux-2-1536x1025.jpg 1536w, https:\/\/alejandrapoupel.com\/wp-content\/uploads\/2016\/08\/Salon-C\u00e9sar-Ritz-\u00a9-Vincent-Leroux-2-599x400.jpg 599w\" sizes=\"(max-width: 820px) 100vw, 820px\" \/><p id=\"caption-attachment-834\" class=\"wp-caption-text\">Le Salon C\u00e9sar Ritz.<\/p><\/div>\n<hr \/>\n<h2 style=\"text-align: center;\"><span style=\"color: #000000;\"><em>Le spa du Ritz<\/em> <\/span><b><\/b><\/h2>\n<p style=\"text-align: center;\"><span style=\"color: #000000;\"><b>Le spa Chanel <\/b>abrit\u00e9 par le Ritz\u00a0est un autre joyau cach\u00e9 \u00e0 la d\u00e9couverte duquel je vous emm\u00e8ne et qui, j\u2019en suis sure, fera le bonheur de mes clientes.<\/span><\/p>\n<p style=\"text-align: center;\"><span style=\"color: #000000;\"><img loading=\"lazy\" decoding=\"async\" class=\"aligncenter wp-image-806\" src=\"https:\/\/alejandrapoupel.com\/wp-content\/uploads\/2016\/08\/034_z7a1749_jpg_9773_north_660x_white.jpg\" alt=\"034_z7a1749_jpg_9773_north_660x_white\" width=\"374\" height=\"561\" srcset=\"https:\/\/alejandrapoupel.com\/wp-content\/uploads\/2016\/08\/034_z7a1749_jpg_9773_north_660x_white.jpg 660w, https:\/\/alejandrapoupel.com\/wp-content\/uploads\/2016\/08\/034_z7a1749_jpg_9773_north_660x_white-200x300.jpg 200w, https:\/\/alejandrapoupel.com\/wp-content\/uploads\/2016\/08\/034_z7a1749_jpg_9773_north_660x_white-267x400.jpg 267w, https:\/\/alejandrapoupel.com\/wp-content\/uploads\/2016\/08\/034_z7a1749_jpg_9773_north_660x_white-300x450.jpg 300w\" sizes=\"(max-width: 374px) 100vw, 374px\" \/><\/span><\/p>\n<p style=\"text-align: justify;\"><span style=\"color: #000000;\">Symbole absolu de l\u2019\u00e9l\u00e9gance \u00e0 la fran\u00e7aise, la griffe de la rue Cambon nous \u00e9voque imm\u00e9diatement le raffinement, l\u2019avant-gardisme et le chic dont Gabrielle Chanel ma\u00eetrisait si bien les codes. Autant de traits caract\u00e9ristiques de la Maison que l\u2019on retrouvera au nouveau Spa sign\u00e9 Chanel au sein du cultissime Ritz.\u00a0<\/span><\/p>\n<p style=\"text-align: justify;\"><span style=\"color: #000000;\">Le lieu n\u2019a pas \u00e9t\u00e9 choisi au hasard puisqu\u2019il s\u2019agit de l\u2019h\u00f4tel dans lequel Coco Chanel a v\u00e9cu pendant plusieurs ann\u00e9es. Deux noms iconiques qui se rencontrent pour vous offrir le meilleur.\u00a0<\/span><\/p>\n<p style=\"text-align: justify;\"><span style=\"color: #000000;\">\u00c0 la carte, des nettoyages, gommages, masques et autres, mais \u00e9galement des protocoles qui int\u00e8grent la technique de fasciath\u00e9rapie, emprunt\u00e9e aux kin\u00e9sith\u00e9rapeutes et ost\u00e9opathes, et r\u00e9put\u00e9e pour r\u00e9\u00e9quilibrer l\u2019organisme et stimuler son potentiel \u00e9nerg\u00e9tique.\u00a0<\/span><\/p>\n<hr \/>\n<h2 style=\"text-align: center;\"><span style=\"color: #000000;\"><i>Le Club<\/i><\/span><\/h2>\n<p style=\"text-align: justify;\"><span style=\"color: #000000;\">Outre le spa Chanel, le <strong>Ritz Club Paris<\/strong> offre des \u00e9quipements sportifs \u00e0 la pointe de la technologie, des professionnels du fitness, du sport et de la nutrition pour assurer votre coaching, et vous offrir un bilan complet et personnalis\u00e9.\u00a0<\/span><\/p>\n<p style=\"text-align: justify;\"><span style=\"color: #000000;\">Pour vous d\u00e9tendre apr\u00e8s l\u2019exercice, vous pourrez faire quelques longueurs dans la piscine et admirer ses milles nuances de bleu, ou d\u00e9guster un cocktail en hauteur depuis le bar.<\/span><\/p>\n<p style=\"text-align: center;\"><span style=\"color: #000000;\"><img loading=\"lazy\" decoding=\"async\" class=\"aligncenter wp-image-808\" src=\"https:\/\/alejandrapoupel.com\/wp-content\/uploads\/2016\/08\/le_premier_spa_chanel_au_ritz_3859.jpeg_north_660x_white.jpg\" alt=\"le_premier_spa_chanel_au_ritz_3859.jpeg_north_660x_white\" width=\"534\" height=\"801\" srcset=\"https:\/\/alejandrapoupel.com\/wp-content\/uploads\/2016\/08\/le_premier_spa_chanel_au_ritz_3859.jpeg_north_660x_white.jpg 660w, https:\/\/alejandrapoupel.com\/wp-content\/uploads\/2016\/08\/le_premier_spa_chanel_au_ritz_3859.jpeg_north_660x_white-200x300.jpg 200w, https:\/\/alejandrapoupel.com\/wp-content\/uploads\/2016\/08\/le_premier_spa_chanel_au_ritz_3859.jpeg_north_660x_white-267x400.jpg 267w, https:\/\/alejandrapoupel.com\/wp-content\/uploads\/2016\/08\/le_premier_spa_chanel_au_ritz_3859.jpeg_north_660x_white-300x450.jpg 300w\" sizes=\"(max-width: 534px) 100vw, 534px\" \/><\/span><\/p>\n<p style=\"text-align: justify;\"><span style=\"color: #000000;\">\u00a0<\/span><span style=\"color: #000000;\">Au Ritz Club, on y rencontre aussi un grand nom de la coiffure : l\u2019australien David Mallet. Nul besoin de pr\u00e9senter cet artiste et son l\u00e9gendaire \u00ab\u00a0glamour ultra naturel\u00a0\u00bb qui font sa r\u00e9putation.\u00a0<\/span><\/p>\n<hr \/>\n<h2 style=\"text-align: center;\"><em><span style=\"color: #000000;\">L&rsquo;\u00e9cole<\/span><\/em><\/h2>\n<p style=\"text-align: justify;\"><span style=\"color: #000000;\"><img loading=\"lazy\" decoding=\"async\" class=\"aligncenter size-full wp-image-799\" src=\"https:\/\/alejandrapoupel.com\/wp-content\/uploads\/2016\/08\/ecole-ritz-escoffier-cours-loisirs-cuisine-bien-etre.jpg\" alt=\"ecole-ritz-escoffier-cours-loisirs-cuisine-bien-etre\" width=\"448\" height=\"330\" srcset=\"https:\/\/alejandrapoupel.com\/wp-content\/uploads\/2016\/08\/ecole-ritz-escoffier-cours-loisirs-cuisine-bien-etre.jpg 448w, https:\/\/alejandrapoupel.com\/wp-content\/uploads\/2016\/08\/ecole-ritz-escoffier-cours-loisirs-cuisine-bien-etre-300x221.jpg 300w\" sizes=\"(max-width: 448px) 100vw, 448px\" \/>\u00ab\u00a0<i>La bonne cuisine est la base du v\u00e9ritable bonheur<\/i> \u201d disait Auguste Escoffier. Au coeur des cuisines de l\u2019h\u00f4tel, l<b>\u2019\u00e9cole Ritz Escoffier <\/b>vous ouvre ses portes et vous immerge dans l\u2019univers de la Gastronomie Fran\u00e7aise, de la simple initiation \u00e0 la Haute Cuisine fran\u00e7aise.<\/span><\/p>\n<p style=\"text-align: justify;\"><span style=\"color: #000000;\">Des modules de formation professionnelle sont propos\u00e9s aux Chefs de demain, mais aussi des Cours et Ateliers pour tous, sur des th\u00e8mes vari\u00e9s (cuisine v\u00e9g\u00e9tarienne, bien-\u00eatre, autour d\u2019un produit de saisons, techniques de Chef\u2026)<\/span><\/p>\n<p style=\"text-align: justify;\"><span style=\"color: #000000;\">V\u00e9ritables Chefs, amateurs \u00e9clair\u00e9s ou cuisiniers en herbe, chacun y trouve son bonheur. Tous les cours sont dispens\u00e9s en fran\u00e7ais et traduits simultan\u00e9ment en anglais.<\/span><\/p>\n<hr \/>\n<h2 style=\"text-align: center;\"><em><span style=\"color: #000000;\">La Galerie<\/span><\/em><\/h2>\n<p style=\"text-align: justify;\"><span style=\"color: #000000;\"><b>La Galerie du Ritz Paris<\/b>, endroit privil\u00e9gi\u00e9 au c\u0153ur de la vie de l\u2019h\u00f4tel. Face au Grand Jardin, ce joyau architectural fait d\u2019immenses baies vitr\u00e9es permet le passage d\u2019une aile \u00e0 l\u2019autre de l\u2019h\u00f4tel, de la place Vend\u00f4me \u00e0 la rue Cambon, et rassemble d\u00e9sormais 5 boutiques, 95 vitrines et un Concept Store, d\u00e9di\u00e9 \u00e0 l\u2019art du voyage.<\/span><\/p>\n<p style=\"text-align: center;\"><em><span style=\"color: #000000;\">H\u00f4tel Ritz Paris<\/span><\/em><\/p>\n<p style=\"text-align: center;\"><em><span style=\"color: #000000;\">15 place Vend\u00f4me, 75001 Paris.<\/span><\/em><\/p>\n<p style=\"text-align: center;\"><em><span style=\"color: #000000;\">Pour toute demande de renseignement ou r\u00e9servation :\u00a0<\/span><\/em><\/p>\n<p style=\"text-align: center;\"><em><span style=\"color: #000000;\"><a style=\"color: #000000;\" href=\"mailto:ritzclub@ritzclubparis.com\">ritzclub@ritzclubparis.com<\/a> ou 01 43 16 30 60<\/span><\/em><\/p>\n<p><\/p>","protected":false},"excerpt":{"rendered":"<p>En tant qu\u2019organisatrice d\u2019\u00e9v\u00e8nements prestigieux, je suis en qu\u00eate constante de nouveaux lieux \u00e0 proposer \u00e0 ma client\u00e8le internationale, des endroits d\u2019exception qui feront la diff\u00e9rence. C\u2019est avec enthousiasme que je partage l\u2019information avec mes lecteurs, la r\u00e9ouverture tant attendue de l\u2019h\u00f4tel mythique de la place Vend\u00f4me, Le Ritz Paris, depuis le 6 juin 2016. [&hellip;]<\/p>\n","protected":false},"author":2,"featured_media":832,"comment_status":"open","ping_status":"open","sticky":false,"template":"","format":"standard","meta":{"footnotes":""},"categories":[5,6,4],"tags":[19,22,16,17,23,18,13],"class_list":["post-812","post","type-post","status-publish","format-standard","has-post-thumbnail","hentry","category-corporate","category-destination","category-mariage","tag-chanel","tag-cuisine","tag-paris-france","tag-place-vendome","tag-private-events","tag-ritz","tag-spa"],"yoast_head":"<!-- This site is optimized with the Yoast SEO plugin v20.10 - https:\/\/yoast.com\/wordpress\/plugins\/seo\/ -->\n<title>The reopening of the Ritz Paris Vend\u00f4me - Alejandra Poupel Events<\/title>\n<meta name=\"description\" content=\"Apr\u00e8s 4 ans de r\u00e9novations, le palace iconique de la place Vend\u00f4me, le Rit Paris, r\u00e9ouvre enfin ses portes. D\u00e9couvrez ce joyaux de raffinement.\" \/>\n<meta name=\"robots\" content=\"index, follow, max-snippet:-1, max-image-preview:large, max-video-preview:-1\" \/>\n<link rel=\"canonical\" href=\"https:\/\/alejandrapoupel.com\/the-reopening-of-the-ritz-paris-vendome\/\" \/>\n<meta property=\"og:locale\" content=\"fr_FR\" \/>\n<meta property=\"og:type\" content=\"article\" \/>\n<meta property=\"og:title\" content=\"The reopening of the Ritz Paris Vend\u00f4me - Alejandra Poupel Events\" \/>\n<meta property=\"og:description\" content=\"Apr\u00e8s 4 ans de r\u00e9novations, le palace iconique de la place Vend\u00f4me, le Rit Paris, r\u00e9ouvre enfin ses portes. D\u00e9couvrez ce joyaux de raffinement.\" \/>\n<meta property=\"og:url\" content=\"https:\/\/alejandrapoupel.com\/the-reopening-of-the-ritz-paris-vendome\/\" \/>\n<meta property=\"article:publisher\" content=\"https:\/\/www.facebook.com\/alejandrapoupelevents\/\" \/>\n<meta property=\"article:published_time\" content=\"2016-08-21T17:58:14+00:00\" \/>\n<meta property=\"article:modified_time\" content=\"2020-10-02T15:02:34+00:00\" \/>\n<meta property=\"og:image\" content=\"https:\/\/alejandrapoupel.com\/wp-content\/uploads\/2016\/08\/Fa\u00e7ade-\u00a9-Vincent-Leroux-2.jpg\" \/>\n\t<meta property=\"og:image:width\" content=\"1367\" \/>\n\t<meta property=\"og:image:height\" content=\"2048\" \/>\n\t<meta property=\"og:image:type\" content=\"image\/jpeg\" \/>\n<meta name=\"author\" content=\"Alejandra Poupel\" \/>\n<meta name=\"twitter:card\" content=\"summary_large_image\" \/>\n<meta name=\"twitter:label1\" content=\"\u00c9crit par\" \/>\n\t<meta name=\"twitter:data1\" content=\"Alejandra Poupel\" \/>\n\t<meta name=\"twitter:label2\" content=\"Dur\u00e9e de lecture estim\u00e9e\" \/>\n\t<meta name=\"twitter:data2\" content=\"10 minutes\" \/>\n<script type=\"application\/ld+json\" class=\"yoast-schema-graph\">{\"@context\":\"https:\/\/schema.org\",\"@graph\":[{\"@type\":\"WebPage\",\"@id\":\"https:\/\/alejandrapoupel.com\/the-reopening-of-the-ritz-paris-vendome\/\",\"url\":\"https:\/\/alejandrapoupel.com\/the-reopening-of-the-ritz-paris-vendome\/\",\"name\":\"The reopening of the Ritz Paris Vend\u00f4me - Alejandra Poupel Events\",\"isPartOf\":{\"@id\":\"https:\/\/alejandrapoupel.com\/#website\"},\"datePublished\":\"2016-08-21T17:58:14+00:00\",\"dateModified\":\"2020-10-02T15:02:34+00:00\",\"author\":{\"@id\":\"https:\/\/alejandrapoupel.com\/#\/schema\/person\/72b4730b5cbff5c242bc153dae85c338\"},\"description\":\"Apr\u00e8s 4 ans de r\u00e9novations, le palace iconique de la place Vend\u00f4me, le Rit Paris, r\u00e9ouvre enfin ses portes. D\u00e9couvrez ce joyaux de raffinement.\",\"breadcrumb\":{\"@id\":\"https:\/\/alejandrapoupel.com\/the-reopening-of-the-ritz-paris-vendome\/#breadcrumb\"},\"inLanguage\":\"fr-FR\",\"potentialAction\":[{\"@type\":\"ReadAction\",\"target\":[\"https:\/\/alejandrapoupel.com\/the-reopening-of-the-ritz-paris-vendome\/\"]}]},{\"@type\":\"BreadcrumbList\",\"@id\":\"https:\/\/alejandrapoupel.com\/the-reopening-of-the-ritz-paris-vendome\/#breadcrumb\",\"itemListElement\":[{\"@type\":\"ListItem\",\"position\":1,\"name\":\"Accueil\",\"item\":\"https:\/\/alejandrapoupel.com\/\"},{\"@type\":\"ListItem\",\"position\":2,\"name\":\"The reopening of the Ritz Paris Vend\u00f4me\"}]},{\"@type\":\"WebSite\",\"@id\":\"https:\/\/alejandrapoupel.com\/#website\",\"url\":\"https:\/\/alejandrapoupel.com\/\",\"name\":\"\",\"description\":\"Wedding &amp; Events Planner in Paris\",\"potentialAction\":[{\"@type\":\"SearchAction\",\"target\":{\"@type\":\"EntryPoint\",\"urlTemplate\":\"https:\/\/alejandrapoupel.com\/?s={search_term_string}\"},\"query-input\":\"required name=search_term_string\"}],\"inLanguage\":\"fr-FR\"},{\"@type\":\"Person\",\"@id\":\"https:\/\/alejandrapoupel.com\/#\/schema\/person\/72b4730b5cbff5c242bc153dae85c338\",\"name\":\"Alejandra Poupel\",\"image\":{\"@type\":\"ImageObject\",\"inLanguage\":\"fr-FR\",\"@id\":\"https:\/\/alejandrapoupel.com\/#\/schema\/person\/image\/\",\"url\":\"https:\/\/secure.gravatar.com\/avatar\/e1638190595858b792cbb4d84b4fe50d56a1091d4bee8dc48799b011f5e20f03?s=96&d=mm&r=g\",\"contentUrl\":\"https:\/\/secure.gravatar.com\/avatar\/e1638190595858b792cbb4d84b4fe50d56a1091d4bee8dc48799b011f5e20f03?s=96&d=mm&r=g\",\"caption\":\"Alejandra Poupel\"},\"url\":\"https:\/\/alejandrapoupel.com\/fr\/author\/alejandra\/\"}]}<\/script>\n<!-- \/ Yoast SEO plugin. -->","yoast_head_json":{"title":"The reopening of the Ritz Paris Vend\u00f4me - Alejandra Poupel Events","description":"Apr\u00e8s 4 ans de r\u00e9novations, le palace iconique de la place Vend\u00f4me, le Rit Paris, r\u00e9ouvre enfin ses portes. D\u00e9couvrez ce joyaux de raffinement.","robots":{"index":"index","follow":"follow","max-snippet":"max-snippet:-1","max-image-preview":"max-image-preview:large","max-video-preview":"max-video-preview:-1"},"canonical":"https:\/\/alejandrapoupel.com\/the-reopening-of-the-ritz-paris-vendome\/","og_locale":"fr_FR","og_type":"article","og_title":"The reopening of the Ritz Paris Vend\u00f4me - Alejandra Poupel Events","og_description":"Apr\u00e8s 4 ans de r\u00e9novations, le palace iconique de la place Vend\u00f4me, le Rit Paris, r\u00e9ouvre enfin ses portes. D\u00e9couvrez ce joyaux de raffinement.","og_url":"https:\/\/alejandrapoupel.com\/the-reopening-of-the-ritz-paris-vendome\/","article_publisher":"https:\/\/www.facebook.com\/alejandrapoupelevents\/","article_published_time":"2016-08-21T17:58:14+00:00","article_modified_time":"2020-10-02T15:02:34+00:00","og_image":[{"width":1367,"height":2048,"url":"https:\/\/alejandrapoupel.com\/wp-content\/uploads\/2016\/08\/Fa\u00e7ade-\u00a9-Vincent-Leroux-2.jpg","type":"image\/jpeg"}],"author":"Alejandra Poupel","twitter_card":"summary_large_image","twitter_misc":{"\u00c9crit par":"Alejandra Poupel","Dur\u00e9e de lecture estim\u00e9e":"10 minutes"},"schema":{"@context":"https:\/\/schema.org","@graph":[{"@type":"WebPage","@id":"https:\/\/alejandrapoupel.com\/the-reopening-of-the-ritz-paris-vendome\/","url":"https:\/\/alejandrapoupel.com\/the-reopening-of-the-ritz-paris-vendome\/","name":"The reopening of the Ritz Paris Vend\u00f4me - Alejandra Poupel Events","isPartOf":{"@id":"https:\/\/alejandrapoupel.com\/#website"},"datePublished":"2016-08-21T17:58:14+00:00","dateModified":"2020-10-02T15:02:34+00:00","author":{"@id":"https:\/\/alejandrapoupel.com\/#\/schema\/person\/72b4730b5cbff5c242bc153dae85c338"},"description":"Apr\u00e8s 4 ans de r\u00e9novations, le palace iconique de la place Vend\u00f4me, le Rit Paris, r\u00e9ouvre enfin ses portes. D\u00e9couvrez ce joyaux de raffinement.","breadcrumb":{"@id":"https:\/\/alejandrapoupel.com\/the-reopening-of-the-ritz-paris-vendome\/#breadcrumb"},"inLanguage":"fr-FR","potentialAction":[{"@type":"ReadAction","target":["https:\/\/alejandrapoupel.com\/the-reopening-of-the-ritz-paris-vendome\/"]}]},{"@type":"BreadcrumbList","@id":"https:\/\/alejandrapoupel.com\/the-reopening-of-the-ritz-paris-vendome\/#breadcrumb","itemListElement":[{"@type":"ListItem","position":1,"name":"Accueil","item":"https:\/\/alejandrapoupel.com\/"},{"@type":"ListItem","position":2,"name":"The reopening of the Ritz Paris Vend\u00f4me"}]},{"@type":"WebSite","@id":"https:\/\/alejandrapoupel.com\/#website","url":"https:\/\/alejandrapoupel.com\/","name":"","description":"Wedding &amp; Events Planner in Paris","potentialAction":[{"@type":"SearchAction","target":{"@type":"EntryPoint","urlTemplate":"https:\/\/alejandrapoupel.com\/?s={search_term_string}"},"query-input":"required name=search_term_string"}],"inLanguage":"fr-FR"},{"@type":"Person","@id":"https:\/\/alejandrapoupel.com\/#\/schema\/person\/72b4730b5cbff5c242bc153dae85c338","name":"Alejandra Poupel","image":{"@type":"ImageObject","inLanguage":"fr-FR","@id":"https:\/\/alejandrapoupel.com\/#\/schema\/person\/image\/","url":"https:\/\/secure.gravatar.com\/avatar\/e1638190595858b792cbb4d84b4fe50d56a1091d4bee8dc48799b011f5e20f03?s=96&d=mm&r=g","contentUrl":"https:\/\/secure.gravatar.com\/avatar\/e1638190595858b792cbb4d84b4fe50d56a1091d4bee8dc48799b011f5e20f03?s=96&d=mm&r=g","caption":"Alejandra Poupel"},"url":"https:\/\/alejandrapoupel.com\/fr\/author\/alejandra\/"}]}},"_links":{"self":[{"href":"https:\/\/alejandrapoupel.com\/fr\/wp-json\/wp\/v2\/posts\/812","targetHints":{"allow":["GET"]}}],"collection":[{"href":"https:\/\/alejandrapoupel.com\/fr\/wp-json\/wp\/v2\/posts"}],"about":[{"href":"https:\/\/alejandrapoupel.com\/fr\/wp-json\/wp\/v2\/types\/post"}],"author":[{"embeddable":true,"href":"https:\/\/alejandrapoupel.com\/fr\/wp-json\/wp\/v2\/users\/2"}],"replies":[{"embeddable":true,"href":"https:\/\/alejandrapoupel.com\/fr\/wp-json\/wp\/v2\/comments?post=812"}],"version-history":[{"count":0,"href":"https:\/\/alejandrapoupel.com\/fr\/wp-json\/wp\/v2\/posts\/812\/revisions"}],"wp:featuredmedia":[{"embeddable":true,"href":"https:\/\/alejandrapoupel.com\/fr\/wp-json\/wp\/v2\/media\/832"}],"wp:attachment":[{"href":"https:\/\/alejandrapoupel.com\/fr\/wp-json\/wp\/v2\/media?parent=812"}],"wp:term":[{"taxonomy":"category","embeddable":true,"href":"https:\/\/alejandrapoupel.com\/fr\/wp-json\/wp\/v2\/categories?post=812"},{"taxonomy":"post_tag","embeddable":true,"href":"https:\/\/alejandrapoupel.com\/fr\/wp-json\/wp\/v2\/tags?post=812"}],"curies":[{"name":"wp","href":"https:\/\/api.w.org\/{rel}","templated":true}]}}