{"id":7962,"date":"2021-02-17T17:26:21","date_gmt":"2021-02-17T16:26:21","guid":{"rendered":"https:\/\/alejandrapoupel.com\/?p=7962"},"modified":"2021-05-05T14:07:49","modified_gmt":"2021-05-05T13:07:49","slug":"mariage-feerique","status":"publish","type":"post","link":"https:\/\/alejandrapoupel.com\/fr\/mariage-feerique\/","title":{"rendered":"Un Mariage de Conte de F\u00e9es au Ch\u00e2teau Embl\u00e9matique de Vaux-le-Vicomte"},"content":{"rendered":"<p><\/p>\n<h3 style=\"text-align: center;\">Il \u00e9tait une fois deux belles \u00e2mes tomb\u00e8rent amoureuses\u2026<\/h3>\n<p style=\"text-align: center;\">Le mariage de Jessica et Sidney au Ch\u00e2teau de Vaux-le-Vicomte \u00e9tait po\u00e9tique, comme un conte de f\u00e9es dans un cadre magnifique, riche en histoire et en romance. Il contenait tous les \u00e9l\u00e9ments du livre de contes: un grand ch\u00e2teau fran\u00e7ais avec les jardins les plus magiques, une robe de mari\u00e9e haute couture \u00e0 couper le souffle &#8211; et, bien s\u00fbr, une cal\u00e8che.<\/p>\n<p style=\"text-align: center;\">C&rsquo;\u00e9tait un tel plaisir de travailler avec ce merveilleux couple qui vivent et travaillent \u00e0 New York et elle d&rsquo;origine polonaise et lui fran\u00e7ais. Ils adorent tous les deux faire la f\u00eate et g\u00e2ter leurs invit\u00e9s, et voulaient que leurs noces soient une exp\u00e9rience incroyable pour leur famille et leurs amis. C&rsquo;\u00e9tait tellement agr\u00e9able de passer du temps avec eux lors de leurs visites sur place, d&rsquo;explorer Paris ensemble et de profiter des d\u00e9gustations et des excursions culturelles. C&rsquo;\u00e9tait encore mieux de voir tous ces \u00e9l\u00e9ments se r\u00e9unir avec style le <a href=\"https:\/\/alejandrapoupel.com\/references\/luxury-events-videos\/\">jour de leur mariage<\/a>.<\/p>\n<p><img loading=\"lazy\" decoding=\"async\" class=\"alignnone size-full wp-image-7965\" src=\"https:\/\/alejandrapoupel.com\/wp-content\/uploads\/2020\/12\/001-fairytale-wedding-at-ch\u00e2teau-de-vaux-le-vicomte.jpg\" alt=\"Ch\u00e2teau de Vaux-le-Vicomte wedding\" width=\"1500\" height=\"1099\" \/><\/p>\n<p><img loading=\"lazy\" decoding=\"async\" class=\"alignnone size-full wp-image-7966\" src=\"https:\/\/alejandrapoupel.com\/wp-content\/uploads\/2020\/12\/002-fairytale-wedding-at-ch\u00e2teau-de-vaux-le-vicomte.jpg\" alt=\"ornate blush and blue wedding invitation suite\" width=\"1500\" height=\"2048\" \/><\/p>\n\n\t\t<style type=\"text\/css\">\n\t\t\t#gallery-13 {\n\t\t\t\tmargin: auto;\n\t\t\t}\n\t\t\t#gallery-13 .gallery-item {\n\t\t\t\tfloat: left;\n\t\t\t\tmargin-top: 10px;\n\t\t\t\ttext-align: center;\n\t\t\t\twidth: 33%;\n\t\t\t}\n\t\t\t#gallery-13 img {\n\t\t\t\tborder: 0;\n\t\t\t}\n\t\t\t#gallery-13 .gallery-caption {\n\t\t\t\tmargin-left: 0;\n\t\t\t}\n\t\t\t\/* see gallery_shortcode() in wp-includes\/media.php *\/\n\t\t<\/style>\n\t\t<div id='gallery-13' class='gallery galleryid-7962 gallery-columns-3 gallery-size-full'><dl class='gallery-item'>\n\t\t\t<dt class='gallery-icon portrait'>\n\t\t\t\t<a href='https:\/\/alejandrapoupel.com\/fr\/mariage-feerique\/003-fairytale-wedding-at-cha%cc%82teau-de-vaux-le-vicomte\/'><img loading=\"lazy\" decoding=\"async\" width=\"1500\" height=\"2045\" src=\"https:\/\/alejandrapoupel.com\/wp-content\/uploads\/2020\/12\/003-fairytale-wedding-at-cha\u0302teau-de-vaux-le-vicomte.jpg\" class=\"attachment-full size-full\" alt=\"dog wedding attendant in pink tutu\" srcset=\"https:\/\/alejandrapoupel.com\/wp-content\/uploads\/2020\/12\/003-fairytale-wedding-at-cha\u0302teau-de-vaux-le-vicomte.jpg 1500w, https:\/\/alejandrapoupel.com\/wp-content\/uploads\/2020\/12\/003-fairytale-wedding-at-cha\u0302teau-de-vaux-le-vicomte-220x300.jpg 220w, https:\/\/alejandrapoupel.com\/wp-content\/uploads\/2020\/12\/003-fairytale-wedding-at-cha\u0302teau-de-vaux-le-vicomte-751x1024.jpg 751w, https:\/\/alejandrapoupel.com\/wp-content\/uploads\/2020\/12\/003-fairytale-wedding-at-cha\u0302teau-de-vaux-le-vicomte-768x1047.jpg 768w, https:\/\/alejandrapoupel.com\/wp-content\/uploads\/2020\/12\/003-fairytale-wedding-at-cha\u0302teau-de-vaux-le-vicomte-1127x1536.jpg 1127w, https:\/\/alejandrapoupel.com\/wp-content\/uploads\/2020\/12\/003-fairytale-wedding-at-cha\u0302teau-de-vaux-le-vicomte-293x400.jpg 293w, https:\/\/alejandrapoupel.com\/wp-content\/uploads\/2020\/12\/003-fairytale-wedding-at-cha\u0302teau-de-vaux-le-vicomte-300x409.jpg 300w\" sizes=\"(max-width: 1500px) 100vw, 1500px\" \/><\/a>\n\t\t\t<\/dt><\/dl><dl class='gallery-item'>\n\t\t\t<dt class='gallery-icon portrait'>\n\t\t\t\t<a href='https:\/\/alejandrapoupel.com\/fr\/mariage-feerique\/004-fairytale-wedding-at-cha%cc%82teau-de-vaux-le-vicomte\/'><img loading=\"lazy\" decoding=\"async\" width=\"1500\" height=\"2045\" src=\"https:\/\/alejandrapoupel.com\/wp-content\/uploads\/2020\/12\/004-fairytale-wedding-at-cha\u0302teau-de-vaux-le-vicomte.jpg\" class=\"attachment-full size-full\" alt=\"blush wedding flowers\" srcset=\"https:\/\/alejandrapoupel.com\/wp-content\/uploads\/2020\/12\/004-fairytale-wedding-at-cha\u0302teau-de-vaux-le-vicomte.jpg 1500w, https:\/\/alejandrapoupel.com\/wp-content\/uploads\/2020\/12\/004-fairytale-wedding-at-cha\u0302teau-de-vaux-le-vicomte-220x300.jpg 220w, https:\/\/alejandrapoupel.com\/wp-content\/uploads\/2020\/12\/004-fairytale-wedding-at-cha\u0302teau-de-vaux-le-vicomte-751x1024.jpg 751w, https:\/\/alejandrapoupel.com\/wp-content\/uploads\/2020\/12\/004-fairytale-wedding-at-cha\u0302teau-de-vaux-le-vicomte-768x1047.jpg 768w, https:\/\/alejandrapoupel.com\/wp-content\/uploads\/2020\/12\/004-fairytale-wedding-at-cha\u0302teau-de-vaux-le-vicomte-1127x1536.jpg 1127w, https:\/\/alejandrapoupel.com\/wp-content\/uploads\/2020\/12\/004-fairytale-wedding-at-cha\u0302teau-de-vaux-le-vicomte-293x400.jpg 293w, https:\/\/alejandrapoupel.com\/wp-content\/uploads\/2020\/12\/004-fairytale-wedding-at-cha\u0302teau-de-vaux-le-vicomte-300x409.jpg 300w\" sizes=\"(max-width: 1500px) 100vw, 1500px\" \/><\/a>\n\t\t\t<\/dt><\/dl><dl class='gallery-item'>\n\t\t\t<dt class='gallery-icon portrait'>\n\t\t\t\t<a href='https:\/\/alejandrapoupel.com\/fr\/mariage-feerique\/005-fairytale-wedding-at-cha%cc%82teau-de-vaux-le-vicomte\/'><img loading=\"lazy\" decoding=\"async\" width=\"1500\" height=\"2048\" src=\"https:\/\/alejandrapoupel.com\/wp-content\/uploads\/2020\/12\/005-fairytale-wedding-at-cha\u0302teau-de-vaux-le-vicomte.jpg\" class=\"attachment-full size-full\" alt=\"Id\u00e9es robe de mari\u00e9e\" srcset=\"https:\/\/alejandrapoupel.com\/wp-content\/uploads\/2020\/12\/005-fairytale-wedding-at-cha\u0302teau-de-vaux-le-vicomte.jpg 1500w, https:\/\/alejandrapoupel.com\/wp-content\/uploads\/2020\/12\/005-fairytale-wedding-at-cha\u0302teau-de-vaux-le-vicomte-220x300.jpg 220w, https:\/\/alejandrapoupel.com\/wp-content\/uploads\/2020\/12\/005-fairytale-wedding-at-cha\u0302teau-de-vaux-le-vicomte-750x1024.jpg 750w, https:\/\/alejandrapoupel.com\/wp-content\/uploads\/2020\/12\/005-fairytale-wedding-at-cha\u0302teau-de-vaux-le-vicomte-768x1049.jpg 768w, https:\/\/alejandrapoupel.com\/wp-content\/uploads\/2020\/12\/005-fairytale-wedding-at-cha\u0302teau-de-vaux-le-vicomte-1125x1536.jpg 1125w, https:\/\/alejandrapoupel.com\/wp-content\/uploads\/2020\/12\/005-fairytale-wedding-at-cha\u0302teau-de-vaux-le-vicomte-293x400.jpg 293w, https:\/\/alejandrapoupel.com\/wp-content\/uploads\/2020\/12\/005-fairytale-wedding-at-cha\u0302teau-de-vaux-le-vicomte-300x410.jpg 300w\" sizes=\"(max-width: 1500px) 100vw, 1500px\" \/><\/a>\n\t\t\t<\/dt><\/dl><br style=\"clear: both\" \/>\n\t\t<\/div>\n\n<p><img loading=\"lazy\" decoding=\"async\" class=\"alignnone size-full wp-image-7970\" src=\"https:\/\/alejandrapoupel.com\/wp-content\/uploads\/2020\/12\/006-fairytale-wedding-at-ch\u00e2teau-de-vaux-le-vicomte.jpg\" alt=\"bride with bridesmaids champagne toast\" width=\"1500\" height=\"1099\" \/><\/p>\n\n\t\t<style type=\"text\/css\">\n\t\t\t#gallery-14 {\n\t\t\t\tmargin: auto;\n\t\t\t}\n\t\t\t#gallery-14 .gallery-item {\n\t\t\t\tfloat: left;\n\t\t\t\tmargin-top: 10px;\n\t\t\t\ttext-align: center;\n\t\t\t\twidth: 50%;\n\t\t\t}\n\t\t\t#gallery-14 img {\n\t\t\t\tborder: 0;\n\t\t\t}\n\t\t\t#gallery-14 .gallery-caption {\n\t\t\t\tmargin-left: 0;\n\t\t\t}\n\t\t\t\/* see gallery_shortcode() in wp-includes\/media.php *\/\n\t\t<\/style>\n\t\t<div id='gallery-14' class='gallery galleryid-7962 gallery-columns-2 gallery-size-full'><dl class='gallery-item'>\n\t\t\t<dt class='gallery-icon portrait'>\n\t\t\t\t<a href='https:\/\/alejandrapoupel.com\/fr\/mariage-feerique\/007-fairytale-wedding-at-cha%cc%82teau-de-vaux-le-vicomte\/'><img loading=\"lazy\" decoding=\"async\" width=\"1500\" height=\"2048\" src=\"https:\/\/alejandrapoupel.com\/wp-content\/uploads\/2020\/12\/007-fairytale-wedding-at-cha\u0302teau-de-vaux-le-vicomte.jpg\" class=\"attachment-full size-full\" alt=\"white orchid bouquet\" srcset=\"https:\/\/alejandrapoupel.com\/wp-content\/uploads\/2020\/12\/007-fairytale-wedding-at-cha\u0302teau-de-vaux-le-vicomte.jpg 1500w, https:\/\/alejandrapoupel.com\/wp-content\/uploads\/2020\/12\/007-fairytale-wedding-at-cha\u0302teau-de-vaux-le-vicomte-220x300.jpg 220w, https:\/\/alejandrapoupel.com\/wp-content\/uploads\/2020\/12\/007-fairytale-wedding-at-cha\u0302teau-de-vaux-le-vicomte-750x1024.jpg 750w, https:\/\/alejandrapoupel.com\/wp-content\/uploads\/2020\/12\/007-fairytale-wedding-at-cha\u0302teau-de-vaux-le-vicomte-768x1049.jpg 768w, https:\/\/alejandrapoupel.com\/wp-content\/uploads\/2020\/12\/007-fairytale-wedding-at-cha\u0302teau-de-vaux-le-vicomte-1125x1536.jpg 1125w, https:\/\/alejandrapoupel.com\/wp-content\/uploads\/2020\/12\/007-fairytale-wedding-at-cha\u0302teau-de-vaux-le-vicomte-293x400.jpg 293w, https:\/\/alejandrapoupel.com\/wp-content\/uploads\/2020\/12\/007-fairytale-wedding-at-cha\u0302teau-de-vaux-le-vicomte-300x410.jpg 300w\" sizes=\"(max-width: 1500px) 100vw, 1500px\" \/><\/a>\n\t\t\t<\/dt><\/dl><dl class='gallery-item'>\n\t\t\t<dt class='gallery-icon portrait'>\n\t\t\t\t<a href='https:\/\/alejandrapoupel.com\/fr\/mariage-feerique\/008-fairytale-wedding-at-cha%cc%82teau-de-vaux-le-vicomte\/'><img loading=\"lazy\" decoding=\"async\" width=\"1500\" height=\"2048\" src=\"https:\/\/alejandrapoupel.com\/wp-content\/uploads\/2020\/12\/008-fairytale-wedding-at-cha\u0302teau-de-vaux-le-vicomte.jpg\" class=\"attachment-full size-full\" alt=\"princess bride with crystal tiara\" srcset=\"https:\/\/alejandrapoupel.com\/wp-content\/uploads\/2020\/12\/008-fairytale-wedding-at-cha\u0302teau-de-vaux-le-vicomte.jpg 1500w, https:\/\/alejandrapoupel.com\/wp-content\/uploads\/2020\/12\/008-fairytale-wedding-at-cha\u0302teau-de-vaux-le-vicomte-220x300.jpg 220w, https:\/\/alejandrapoupel.com\/wp-content\/uploads\/2020\/12\/008-fairytale-wedding-at-cha\u0302teau-de-vaux-le-vicomte-750x1024.jpg 750w, https:\/\/alejandrapoupel.com\/wp-content\/uploads\/2020\/12\/008-fairytale-wedding-at-cha\u0302teau-de-vaux-le-vicomte-768x1049.jpg 768w, https:\/\/alejandrapoupel.com\/wp-content\/uploads\/2020\/12\/008-fairytale-wedding-at-cha\u0302teau-de-vaux-le-vicomte-1125x1536.jpg 1125w, https:\/\/alejandrapoupel.com\/wp-content\/uploads\/2020\/12\/008-fairytale-wedding-at-cha\u0302teau-de-vaux-le-vicomte-293x400.jpg 293w, https:\/\/alejandrapoupel.com\/wp-content\/uploads\/2020\/12\/008-fairytale-wedding-at-cha\u0302teau-de-vaux-le-vicomte-300x410.jpg 300w\" sizes=\"(max-width: 1500px) 100vw, 1500px\" \/><\/a>\n\t\t\t<\/dt><\/dl><br style=\"clear: both\" \/>\n\t\t<\/div>\n\n<p><img loading=\"lazy\" decoding=\"async\" class=\"alignnone size-full wp-image-7973\" src=\"https:\/\/alejandrapoupel.com\/wp-content\/uploads\/2020\/12\/009-fairytale-wedding-at-ch\u00e2teau-de-vaux-le-vicomte.jpg\" alt=\"Ch\u00e2teau de Vaux-le-Vicomte wedding bride and bridesmaids\" width=\"1500\" height=\"2048\" \/><\/p>\n<h3 style=\"text-align: center;\">Le Ch\u00e2teau de Vaux-le-Vicomte est un lieu de r\u00eave<\/h3>\n<p style=\"text-align: center;\">Lorsque nous nous sommes rencontr\u00e9s, Jessica m&rsquo;a dit qu&rsquo;elle cherchait un lieu de mariage de conte de f\u00e9es. Je ne pouvais pas penser \u00e0 un meilleur endroit pour r\u00e9aliser ce r\u00eave que le c\u00e9l\u00e8bre <a href=\"https:\/\/vaux-le-vicomte.com\">Ch\u00e2teau de Vaux-le-Vicomte<\/a>! Situ\u00e9 \u00e0 Maincy, \u00e0 seulement une heure de Paris, il a marqu\u00e9 le d\u00e9but du style Louis XIV et a \u00e9t\u00e9 une inspiration pour Versailles. C&rsquo;est toujours un privil\u00e8ge et un honneur de cr\u00e9er un \u00e9v\u00e9nement dans ce monument historique, mais bien s\u00fbr, cela pr\u00e9sente aussi des d\u00e9fis uniques, car nous devons travailler la nuit et maintenir une pr\u00e9sence minimale lorsque le public est pr\u00e9sent pendant la journ\u00e9e. Cela vaut la peine de voir la r\u00e9action des invit\u00e9s!<\/p>\n<p style=\"text-align: center;\">La c\u00e9r\u00e9monie s&rsquo;est d\u00e9roul\u00e9e dans l&rsquo;escalier devant le ch\u00e2teau, point de vue extraordinaire o\u00f9 les jardins \u00e0 la fran\u00e7aise se d\u00e9ploient dans toute leur splendeur. Jessica et Sidney ont ador\u00e9 l&rsquo;id\u00e9e d&rsquo;avoir des arcs qui coulaient harmonieusement avec l&rsquo;architecture derri\u00e8re eux, ruisselant de feuillage et de tiges de fleurs blanches d\u00e9licates. Le pr\u00e9sentoir blanc et vert cr\u00e9\u00e9 par <a href=\"http:\/\/roni-floral-design.com\">RONI Floral Design<\/a> \u00e9tait magnifique dans le contexte du ch\u00e2teau en pierre. Bien s\u00fbr, une entr\u00e9e nuptiale de conte de f\u00e9es ne serait pas compl\u00e8te sans une cal\u00e8che de Cendrillon, tir\u00e9e par un cheval blanc. Jessica portait un bouquet d&rsquo;orchid\u00e9es blanches en cascade et portait un voile de longueur cath\u00e9drale classique tandis que le mari\u00e9 avait l&rsquo;air pimpant dans un manteau de matin traditionnel. Mais l&rsquo;invit\u00e9 le mieux habill\u00e9 \u00e9tait le petit chien du couple, qui portait un tutu rose moelleux et une laisse florale ch\u00e9rie!<\/p>\n\n\t\t<style type=\"text\/css\">\n\t\t\t#gallery-15 {\n\t\t\t\tmargin: auto;\n\t\t\t}\n\t\t\t#gallery-15 .gallery-item {\n\t\t\t\tfloat: left;\n\t\t\t\tmargin-top: 10px;\n\t\t\t\ttext-align: center;\n\t\t\t\twidth: 33%;\n\t\t\t}\n\t\t\t#gallery-15 img {\n\t\t\t\tborder: 0;\n\t\t\t}\n\t\t\t#gallery-15 .gallery-caption {\n\t\t\t\tmargin-left: 0;\n\t\t\t}\n\t\t\t\/* see gallery_shortcode() in wp-includes\/media.php *\/\n\t\t<\/style>\n\t\t<div id='gallery-15' class='gallery galleryid-7962 gallery-columns-3 gallery-size-full'><dl class='gallery-item'>\n\t\t\t<dt class='gallery-icon portrait'>\n\t\t\t\t<a href='https:\/\/alejandrapoupel.com\/fr\/mariage-feerique\/010-fairytale-wedding-at-cha%cc%82teau-de-vaux-le-vicomte\/'><img loading=\"lazy\" decoding=\"async\" width=\"1500\" height=\"2048\" src=\"https:\/\/alejandrapoupel.com\/wp-content\/uploads\/2020\/12\/010-fairytale-wedding-at-cha\u0302teau-de-vaux-le-vicomte.jpg\" class=\"attachment-full size-full\" alt=\"Ch\u00e2teau de Vaux-le-Vicomte wedding ceremony flower arrangement\" srcset=\"https:\/\/alejandrapoupel.com\/wp-content\/uploads\/2020\/12\/010-fairytale-wedding-at-cha\u0302teau-de-vaux-le-vicomte.jpg 1500w, https:\/\/alejandrapoupel.com\/wp-content\/uploads\/2020\/12\/010-fairytale-wedding-at-cha\u0302teau-de-vaux-le-vicomte-220x300.jpg 220w, https:\/\/alejandrapoupel.com\/wp-content\/uploads\/2020\/12\/010-fairytale-wedding-at-cha\u0302teau-de-vaux-le-vicomte-750x1024.jpg 750w, https:\/\/alejandrapoupel.com\/wp-content\/uploads\/2020\/12\/010-fairytale-wedding-at-cha\u0302teau-de-vaux-le-vicomte-768x1049.jpg 768w, https:\/\/alejandrapoupel.com\/wp-content\/uploads\/2020\/12\/010-fairytale-wedding-at-cha\u0302teau-de-vaux-le-vicomte-1125x1536.jpg 1125w, https:\/\/alejandrapoupel.com\/wp-content\/uploads\/2020\/12\/010-fairytale-wedding-at-cha\u0302teau-de-vaux-le-vicomte-293x400.jpg 293w, https:\/\/alejandrapoupel.com\/wp-content\/uploads\/2020\/12\/010-fairytale-wedding-at-cha\u0302teau-de-vaux-le-vicomte-300x410.jpg 300w\" sizes=\"(max-width: 1500px) 100vw, 1500px\" \/><\/a>\n\t\t\t<\/dt><\/dl><dl class='gallery-item'>\n\t\t\t<dt class='gallery-icon portrait'>\n\t\t\t\t<a href='https:\/\/alejandrapoupel.com\/fr\/mariage-feerique\/011-fairytale-wedding-at-cha%cc%82teau-de-vaux-le-vicomte\/'><img loading=\"lazy\" decoding=\"async\" width=\"1500\" height=\"2048\" src=\"https:\/\/alejandrapoupel.com\/wp-content\/uploads\/2020\/12\/011-fairytale-wedding-at-cha\u0302teau-de-vaux-le-vicomte.jpg\" class=\"attachment-full size-full\" alt=\"Ch\u00e2teau de Vaux-le-Vicomte wedding ceremony chairs\" srcset=\"https:\/\/alejandrapoupel.com\/wp-content\/uploads\/2020\/12\/011-fairytale-wedding-at-cha\u0302teau-de-vaux-le-vicomte.jpg 1500w, https:\/\/alejandrapoupel.com\/wp-content\/uploads\/2020\/12\/011-fairytale-wedding-at-cha\u0302teau-de-vaux-le-vicomte-220x300.jpg 220w, https:\/\/alejandrapoupel.com\/wp-content\/uploads\/2020\/12\/011-fairytale-wedding-at-cha\u0302teau-de-vaux-le-vicomte-750x1024.jpg 750w, https:\/\/alejandrapoupel.com\/wp-content\/uploads\/2020\/12\/011-fairytale-wedding-at-cha\u0302teau-de-vaux-le-vicomte-768x1049.jpg 768w, https:\/\/alejandrapoupel.com\/wp-content\/uploads\/2020\/12\/011-fairytale-wedding-at-cha\u0302teau-de-vaux-le-vicomte-1125x1536.jpg 1125w, https:\/\/alejandrapoupel.com\/wp-content\/uploads\/2020\/12\/011-fairytale-wedding-at-cha\u0302teau-de-vaux-le-vicomte-293x400.jpg 293w, https:\/\/alejandrapoupel.com\/wp-content\/uploads\/2020\/12\/011-fairytale-wedding-at-cha\u0302teau-de-vaux-le-vicomte-300x410.jpg 300w\" sizes=\"(max-width: 1500px) 100vw, 1500px\" \/><\/a>\n\t\t\t<\/dt><\/dl><dl class='gallery-item'>\n\t\t\t<dt class='gallery-icon portrait'>\n\t\t\t\t<a href='https:\/\/alejandrapoupel.com\/fr\/mariage-feerique\/012-fairytale-wedding-at-cha%cc%82teau-de-vaux-le-vicomte\/'><img loading=\"lazy\" decoding=\"async\" width=\"1500\" height=\"2048\" src=\"https:\/\/alejandrapoupel.com\/wp-content\/uploads\/2020\/12\/012-fairytale-wedding-at-cha\u0302teau-de-vaux-le-vicomte.jpg\" class=\"attachment-full size-full\" alt=\"Ch\u00e2teau de Vaux-le-Vicomte ceremony arch\" srcset=\"https:\/\/alejandrapoupel.com\/wp-content\/uploads\/2020\/12\/012-fairytale-wedding-at-cha\u0302teau-de-vaux-le-vicomte.jpg 1500w, https:\/\/alejandrapoupel.com\/wp-content\/uploads\/2020\/12\/012-fairytale-wedding-at-cha\u0302teau-de-vaux-le-vicomte-220x300.jpg 220w, https:\/\/alejandrapoupel.com\/wp-content\/uploads\/2020\/12\/012-fairytale-wedding-at-cha\u0302teau-de-vaux-le-vicomte-750x1024.jpg 750w, https:\/\/alejandrapoupel.com\/wp-content\/uploads\/2020\/12\/012-fairytale-wedding-at-cha\u0302teau-de-vaux-le-vicomte-768x1049.jpg 768w, https:\/\/alejandrapoupel.com\/wp-content\/uploads\/2020\/12\/012-fairytale-wedding-at-cha\u0302teau-de-vaux-le-vicomte-1125x1536.jpg 1125w, https:\/\/alejandrapoupel.com\/wp-content\/uploads\/2020\/12\/012-fairytale-wedding-at-cha\u0302teau-de-vaux-le-vicomte-293x400.jpg 293w, https:\/\/alejandrapoupel.com\/wp-content\/uploads\/2020\/12\/012-fairytale-wedding-at-cha\u0302teau-de-vaux-le-vicomte-300x410.jpg 300w\" sizes=\"(max-width: 1500px) 100vw, 1500px\" \/><\/a>\n\t\t\t<\/dt><\/dl><br style=\"clear: both\" \/>\n\t\t<\/div>\n\n<p><img loading=\"lazy\" decoding=\"async\" class=\"alignnone size-full wp-image-7977\" src=\"https:\/\/alejandrapoupel.com\/wp-content\/uploads\/2020\/12\/013-fairytale-wedding-at-ch\u00e2teau-de-vaux-le-vicomte.jpg\" alt=\"bride with royal guards at Ch\u00e2teau de Vaux-le-Vicomte\" width=\"1500\" height=\"1099\" \/><\/p>\n\n\t\t<style type=\"text\/css\">\n\t\t\t#gallery-16 {\n\t\t\t\tmargin: auto;\n\t\t\t}\n\t\t\t#gallery-16 .gallery-item {\n\t\t\t\tfloat: left;\n\t\t\t\tmargin-top: 10px;\n\t\t\t\ttext-align: center;\n\t\t\t\twidth: 50%;\n\t\t\t}\n\t\t\t#gallery-16 img {\n\t\t\t\tborder: 0;\n\t\t\t}\n\t\t\t#gallery-16 .gallery-caption {\n\t\t\t\tmargin-left: 0;\n\t\t\t}\n\t\t\t\/* see gallery_shortcode() in wp-includes\/media.php *\/\n\t\t<\/style>\n\t\t<div id='gallery-16' class='gallery galleryid-7962 gallery-columns-2 gallery-size-full'><dl class='gallery-item'>\n\t\t\t<dt class='gallery-icon portrait'>\n\t\t\t\t<a href='https:\/\/alejandrapoupel.com\/fr\/mariage-feerique\/014-fairytale-wedding-at-cha%cc%82teau-de-vaux-le-vicomte\/'><img loading=\"lazy\" decoding=\"async\" width=\"1500\" height=\"2048\" src=\"https:\/\/alejandrapoupel.com\/wp-content\/uploads\/2020\/12\/014-fairytale-wedding-at-cha\u0302teau-de-vaux-le-vicomte.jpg\" class=\"attachment-full size-full\" alt=\"white orchid cascade bouquet\" srcset=\"https:\/\/alejandrapoupel.com\/wp-content\/uploads\/2020\/12\/014-fairytale-wedding-at-cha\u0302teau-de-vaux-le-vicomte.jpg 1500w, https:\/\/alejandrapoupel.com\/wp-content\/uploads\/2020\/12\/014-fairytale-wedding-at-cha\u0302teau-de-vaux-le-vicomte-220x300.jpg 220w, https:\/\/alejandrapoupel.com\/wp-content\/uploads\/2020\/12\/014-fairytale-wedding-at-cha\u0302teau-de-vaux-le-vicomte-750x1024.jpg 750w, https:\/\/alejandrapoupel.com\/wp-content\/uploads\/2020\/12\/014-fairytale-wedding-at-cha\u0302teau-de-vaux-le-vicomte-768x1049.jpg 768w, https:\/\/alejandrapoupel.com\/wp-content\/uploads\/2020\/12\/014-fairytale-wedding-at-cha\u0302teau-de-vaux-le-vicomte-1125x1536.jpg 1125w, https:\/\/alejandrapoupel.com\/wp-content\/uploads\/2020\/12\/014-fairytale-wedding-at-cha\u0302teau-de-vaux-le-vicomte-293x400.jpg 293w, https:\/\/alejandrapoupel.com\/wp-content\/uploads\/2020\/12\/014-fairytale-wedding-at-cha\u0302teau-de-vaux-le-vicomte-300x410.jpg 300w\" sizes=\"(max-width: 1500px) 100vw, 1500px\" \/><\/a>\n\t\t\t<\/dt><\/dl><dl class='gallery-item'>\n\t\t\t<dt class='gallery-icon portrait'>\n\t\t\t\t<a href='https:\/\/alejandrapoupel.com\/fr\/mariage-feerique\/015-fairytale-wedding-at-cha%cc%82teau-de-vaux-le-vicomte\/'><img loading=\"lazy\" decoding=\"async\" width=\"1500\" height=\"2048\" src=\"https:\/\/alejandrapoupel.com\/wp-content\/uploads\/2020\/12\/015-fairytale-wedding-at-cha\u0302teau-de-vaux-le-vicomte.jpg\" class=\"attachment-full size-full\" alt=\"fairytale carriage for ceremony\" srcset=\"https:\/\/alejandrapoupel.com\/wp-content\/uploads\/2020\/12\/015-fairytale-wedding-at-cha\u0302teau-de-vaux-le-vicomte.jpg 1500w, https:\/\/alejandrapoupel.com\/wp-content\/uploads\/2020\/12\/015-fairytale-wedding-at-cha\u0302teau-de-vaux-le-vicomte-220x300.jpg 220w, https:\/\/alejandrapoupel.com\/wp-content\/uploads\/2020\/12\/015-fairytale-wedding-at-cha\u0302teau-de-vaux-le-vicomte-750x1024.jpg 750w, https:\/\/alejandrapoupel.com\/wp-content\/uploads\/2020\/12\/015-fairytale-wedding-at-cha\u0302teau-de-vaux-le-vicomte-768x1049.jpg 768w, https:\/\/alejandrapoupel.com\/wp-content\/uploads\/2020\/12\/015-fairytale-wedding-at-cha\u0302teau-de-vaux-le-vicomte-1125x1536.jpg 1125w, https:\/\/alejandrapoupel.com\/wp-content\/uploads\/2020\/12\/015-fairytale-wedding-at-cha\u0302teau-de-vaux-le-vicomte-293x400.jpg 293w, https:\/\/alejandrapoupel.com\/wp-content\/uploads\/2020\/12\/015-fairytale-wedding-at-cha\u0302teau-de-vaux-le-vicomte-300x410.jpg 300w\" sizes=\"(max-width: 1500px) 100vw, 1500px\" \/><\/a>\n\t\t\t<\/dt><\/dl><br style=\"clear: both\" \/>\n\t\t<\/div>\n\n<p><img loading=\"lazy\" decoding=\"async\" class=\"alignnone size-full wp-image-7980\" src=\"https:\/\/alejandrapoupel.com\/wp-content\/uploads\/2020\/12\/016-fairytale-wedding-at-ch\u00e2teau-de-vaux-le-vicomte.jpg\" alt=\"bridal arrival in horse and carriage\" width=\"1500\" height=\"2048\" \/><\/p>\n<p><img loading=\"lazy\" decoding=\"async\" class=\"alignnone size-full wp-image-7981\" src=\"https:\/\/alejandrapoupel.com\/wp-content\/uploads\/2020\/12\/017-fairytale-wedding-at-ch\u00e2teau-de-vaux-le-vicomte.jpg\" alt=\"Ch\u00e2teau de Vaux-le-Vicomte wedding ceremony\" width=\"1500\" height=\"1099\" \/><\/p>\n<p><img loading=\"lazy\" decoding=\"async\" class=\"alignnone size-full wp-image-7982\" src=\"https:\/\/alejandrapoupel.com\/wp-content\/uploads\/2020\/12\/018-fairytale-wedding-at-ch\u00e2teau-de-vaux-le-vicomte.jpg\" alt=\"Ch\u00e2teau de Vaux-le-Vicomte wedding ceremony floral arches\" width=\"1500\" height=\"1099\" \/><\/p>\n<p><img loading=\"lazy\" decoding=\"async\" class=\"alignnone size-full wp-image-7983\" src=\"https:\/\/alejandrapoupel.com\/wp-content\/uploads\/2020\/12\/019-fairytale-wedding-at-ch\u00e2teau-de-vaux-le-vicomte.jpg\" alt=\"floral arch wedding ceremony\" width=\"1500\" height=\"2048\" \/><\/p>\n<p><img loading=\"lazy\" decoding=\"async\" class=\"alignnone size-full wp-image-7984\" src=\"https:\/\/alejandrapoupel.com\/wp-content\/uploads\/2020\/12\/020-fairytale-wedding-at-ch\u00e2teau-de-vaux-le-vicomte.jpg\" alt=\"ceremony exit horse and carriage\" width=\"1500\" height=\"2048\" \/><\/p>\n<p style=\"text-align: center;\">En guise de touche sp\u00e9ciale, un artiste a peint l&rsquo;\u00e9v\u00e9nement en direct devant les invit\u00e9s. Le r\u00e9sultat a \u00e9t\u00e9 fabuleux!<\/p>\n<p><img loading=\"lazy\" decoding=\"async\" class=\"alignnone size-full wp-image-7986\" src=\"https:\/\/alejandrapoupel.com\/wp-content\/uploads\/2020\/12\/021-fairytale-wedding-at-ch\u00e2teau-de-vaux-le-vicomte.jpg\" alt=\"live painter Ch\u00e2teau de Vaux-le-Vicomte wedding\" width=\"1500\" height=\"1118\" \/><\/p>\n<p style=\"text-align: center;\">Apr\u00e8s la c\u00e9r\u00e9monie, les invit\u00e9s ont profit\u00e9 de l&rsquo;heure du cocktail dans les jardins et ont trouv\u00e9 leurs cartes de placement de table dans une arche de verdure sp\u00e9ciale orn\u00e9e de rubans suspendus et de cl\u00e9s orn\u00e9es, pour une ambiance de jardin secret. Apr\u00e8s avoir \u00e9t\u00e9 servis au champagne et aux canap\u00e9s, ils se sont rendus au somptueux Grand Salon pour la r\u00e9ception du soir, avec un menu sp\u00e9cial pr\u00e9par\u00e9 par l&rsquo;\u00e9quipe de <a href=\"https:\/\/lenotre.com\">Len\u00f4tre<\/a>. Ils ont \u00e9t\u00e9 accueillis par des gardes royaux stationn\u00e9s \u00e0 l&rsquo;entr\u00e9e, tandis que tous les serveurs \u00e9taient habill\u00e9s en costume de l&rsquo;\u00e9poque de Louis XIV.<\/p>\n<p><img loading=\"lazy\" decoding=\"async\" class=\"alignnone size-full wp-image-7987\" src=\"https:\/\/alejandrapoupel.com\/wp-content\/uploads\/2020\/12\/022-fairytale-wedding-at-ch\u00e2teau-de-vaux-le-vicomte.jpg\" alt=\"Ch\u00e2teau de Vaux-le-Vicomte bride and groom\" width=\"1500\" height=\"1099\" \/><\/p>\n<p><img loading=\"lazy\" decoding=\"async\" class=\"alignnone size-full wp-image-7988\" src=\"https:\/\/alejandrapoupel.com\/wp-content\/uploads\/2020\/12\/023-fairytale-wedding-at-ch\u00e2teau-de-vaux-le-vicomte.jpg\" alt=\"Ch\u00e2teau de Vaux-le-Vicomte couple portrait session\" width=\"1500\" height=\"2048\" \/><\/p>\n<p><img loading=\"lazy\" decoding=\"async\" class=\"alignnone size-full wp-image-7989\" src=\"https:\/\/alejandrapoupel.com\/wp-content\/uploads\/2020\/12\/024-fairytale-wedding-at-ch\u00e2teau-de-vaux-le-vicomte.jpg\" alt=\"Ch\u00e2teau de Vaux-le-Vicomte gardens couple shoot\" width=\"1500\" height=\"1099\" \/><\/p>\n<p><img loading=\"lazy\" decoding=\"async\" class=\"alignnone size-full wp-image-7990\" src=\"https:\/\/alejandrapoupel.com\/wp-content\/uploads\/2020\/12\/025-fairytale-wedding-at-ch\u00e2teau-de-vaux-le-vicomte.jpg\" alt=\"Ch\u00e2teau de Vaux-le-Vicomte interior couple shoot\" width=\"1500\" height=\"2048\" \/><\/p>\n<p style=\"text-align: center;\">Bien que les couleurs cl\u00e9s de la journ\u00e9e soient le blanc et le rose poudre, Jessica ne voulait pas submerger la r\u00e9ception. Elle a donc demand\u00e9 au fleuriste d&rsquo;ajouter des touches de cr\u00e8me et de violet clair pour ajouter de la lumi\u00e8re aux tables. Elle voulait une sensation tr\u00e8s romantique et des d\u00e9tails en cristal. Nous avons donc altern\u00e9 les centres de table de chandelles en cristal avec d&rsquo;\u00e9normes pr\u00e9sentoirs de style topiaire floral avec des d\u00e9tails en cristal suspendus, qui \u00e9taient incroyables avec le plafond \u00e0 double hauteur dramatiques du salon. Le couple a \u00e9galement demand\u00e9 une table des mari\u00e9s tr\u00e8s sp\u00e9ciale. Nous avons donc cr\u00e9\u00e9 une belle arcade de fleurs violettes, blush et blanches pour l&rsquo;encadrer. La verrerie bord\u00e9e d&rsquo;or, les assiettes \u00e0 motifs dor\u00e9s, les serviettes et les menus blush p\u00e2le ont ajout\u00e9 la touche finale luxueuse aux couverts.<\/p>\n\n\t\t<style type=\"text\/css\">\n\t\t\t#gallery-17 {\n\t\t\t\tmargin: auto;\n\t\t\t}\n\t\t\t#gallery-17 .gallery-item {\n\t\t\t\tfloat: left;\n\t\t\t\tmargin-top: 10px;\n\t\t\t\ttext-align: center;\n\t\t\t\twidth: 50%;\n\t\t\t}\n\t\t\t#gallery-17 img {\n\t\t\t\tborder: 0;\n\t\t\t}\n\t\t\t#gallery-17 .gallery-caption {\n\t\t\t\tmargin-left: 0;\n\t\t\t}\n\t\t\t\/* see gallery_shortcode() in wp-includes\/media.php *\/\n\t\t<\/style>\n\t\t<div id='gallery-17' class='gallery galleryid-7962 gallery-columns-2 gallery-size-full'><dl class='gallery-item'>\n\t\t\t<dt class='gallery-icon portrait'>\n\t\t\t\t<a href='https:\/\/alejandrapoupel.com\/fr\/mariage-feerique\/026-fairytale-wedding-at-cha%cc%82teau-de-vaux-le-vicomte\/'><img loading=\"lazy\" decoding=\"async\" width=\"1500\" height=\"2048\" src=\"https:\/\/alejandrapoupel.com\/wp-content\/uploads\/2020\/12\/026-fairytale-wedding-at-cha\u0302teau-de-vaux-le-vicomte.jpg\" class=\"attachment-full size-full\" alt=\"Ch\u00e2teau de Vaux-le-Vicomte wedding greenery arch\" srcset=\"https:\/\/alejandrapoupel.com\/wp-content\/uploads\/2020\/12\/026-fairytale-wedding-at-cha\u0302teau-de-vaux-le-vicomte.jpg 1500w, https:\/\/alejandrapoupel.com\/wp-content\/uploads\/2020\/12\/026-fairytale-wedding-at-cha\u0302teau-de-vaux-le-vicomte-220x300.jpg 220w, https:\/\/alejandrapoupel.com\/wp-content\/uploads\/2020\/12\/026-fairytale-wedding-at-cha\u0302teau-de-vaux-le-vicomte-750x1024.jpg 750w, https:\/\/alejandrapoupel.com\/wp-content\/uploads\/2020\/12\/026-fairytale-wedding-at-cha\u0302teau-de-vaux-le-vicomte-768x1049.jpg 768w, https:\/\/alejandrapoupel.com\/wp-content\/uploads\/2020\/12\/026-fairytale-wedding-at-cha\u0302teau-de-vaux-le-vicomte-1125x1536.jpg 1125w, https:\/\/alejandrapoupel.com\/wp-content\/uploads\/2020\/12\/026-fairytale-wedding-at-cha\u0302teau-de-vaux-le-vicomte-293x400.jpg 293w, https:\/\/alejandrapoupel.com\/wp-content\/uploads\/2020\/12\/026-fairytale-wedding-at-cha\u0302teau-de-vaux-le-vicomte-300x410.jpg 300w\" sizes=\"(max-width: 1500px) 100vw, 1500px\" \/><\/a>\n\t\t\t<\/dt><\/dl><dl class='gallery-item'>\n\t\t\t<dt class='gallery-icon portrait'>\n\t\t\t\t<a href='https:\/\/alejandrapoupel.com\/fr\/mariage-feerique\/027-fairytale-wedding-at-cha%cc%82teau-de-vaux-le-vicomte\/'><img loading=\"lazy\" decoding=\"async\" width=\"1500\" height=\"2048\" src=\"https:\/\/alejandrapoupel.com\/wp-content\/uploads\/2020\/12\/027-fairytale-wedding-at-cha\u0302teau-de-vaux-le-vicomte.jpg\" class=\"attachment-full size-full\" alt=\"escort card with key detail\" srcset=\"https:\/\/alejandrapoupel.com\/wp-content\/uploads\/2020\/12\/027-fairytale-wedding-at-cha\u0302teau-de-vaux-le-vicomte.jpg 1500w, https:\/\/alejandrapoupel.com\/wp-content\/uploads\/2020\/12\/027-fairytale-wedding-at-cha\u0302teau-de-vaux-le-vicomte-220x300.jpg 220w, https:\/\/alejandrapoupel.com\/wp-content\/uploads\/2020\/12\/027-fairytale-wedding-at-cha\u0302teau-de-vaux-le-vicomte-750x1024.jpg 750w, https:\/\/alejandrapoupel.com\/wp-content\/uploads\/2020\/12\/027-fairytale-wedding-at-cha\u0302teau-de-vaux-le-vicomte-768x1049.jpg 768w, https:\/\/alejandrapoupel.com\/wp-content\/uploads\/2020\/12\/027-fairytale-wedding-at-cha\u0302teau-de-vaux-le-vicomte-1125x1536.jpg 1125w, https:\/\/alejandrapoupel.com\/wp-content\/uploads\/2020\/12\/027-fairytale-wedding-at-cha\u0302teau-de-vaux-le-vicomte-293x400.jpg 293w, https:\/\/alejandrapoupel.com\/wp-content\/uploads\/2020\/12\/027-fairytale-wedding-at-cha\u0302teau-de-vaux-le-vicomte-300x410.jpg 300w\" sizes=\"(max-width: 1500px) 100vw, 1500px\" \/><\/a>\n\t\t\t<\/dt><\/dl><br style=\"clear: both\" \/>\n\t\t<\/div>\n\n<p><img loading=\"lazy\" decoding=\"async\" class=\"alignnone size-full wp-image-7993\" src=\"https:\/\/alejandrapoupel.com\/wp-content\/uploads\/2020\/12\/028-fairytale-wedding-at-ch\u00e2teau-de-vaux-le-vicomte.jpg\" alt=\"greenery arch with hanging escort cards\" width=\"1500\" height=\"1099\" \/><\/p>\n\n\t\t<style type=\"text\/css\">\n\t\t\t#gallery-18 {\n\t\t\t\tmargin: auto;\n\t\t\t}\n\t\t\t#gallery-18 .gallery-item {\n\t\t\t\tfloat: left;\n\t\t\t\tmargin-top: 10px;\n\t\t\t\ttext-align: center;\n\t\t\t\twidth: 50%;\n\t\t\t}\n\t\t\t#gallery-18 img {\n\t\t\t\tborder: 0;\n\t\t\t}\n\t\t\t#gallery-18 .gallery-caption {\n\t\t\t\tmargin-left: 0;\n\t\t\t}\n\t\t\t\/* see gallery_shortcode() in wp-includes\/media.php *\/\n\t\t<\/style>\n\t\t<div id='gallery-18' class='gallery galleryid-7962 gallery-columns-2 gallery-size-full'><dl class='gallery-item'>\n\t\t\t<dt class='gallery-icon portrait'>\n\t\t\t\t<a href='https:\/\/alejandrapoupel.com\/fr\/mariage-feerique\/029-fairytale-wedding-at-cha%cc%82teau-de-vaux-le-vicomte\/'><img loading=\"lazy\" decoding=\"async\" width=\"1500\" height=\"2048\" src=\"https:\/\/alejandrapoupel.com\/wp-content\/uploads\/2020\/12\/029-fairytale-wedding-at-cha\u0302teau-de-vaux-le-vicomte.jpg\" class=\"attachment-full size-full\" alt=\"champagne reception canap\u00e9s\" srcset=\"https:\/\/alejandrapoupel.com\/wp-content\/uploads\/2020\/12\/029-fairytale-wedding-at-cha\u0302teau-de-vaux-le-vicomte.jpg 1500w, https:\/\/alejandrapoupel.com\/wp-content\/uploads\/2020\/12\/029-fairytale-wedding-at-cha\u0302teau-de-vaux-le-vicomte-220x300.jpg 220w, https:\/\/alejandrapoupel.com\/wp-content\/uploads\/2020\/12\/029-fairytale-wedding-at-cha\u0302teau-de-vaux-le-vicomte-750x1024.jpg 750w, https:\/\/alejandrapoupel.com\/wp-content\/uploads\/2020\/12\/029-fairytale-wedding-at-cha\u0302teau-de-vaux-le-vicomte-768x1049.jpg 768w, https:\/\/alejandrapoupel.com\/wp-content\/uploads\/2020\/12\/029-fairytale-wedding-at-cha\u0302teau-de-vaux-le-vicomte-1125x1536.jpg 1125w, https:\/\/alejandrapoupel.com\/wp-content\/uploads\/2020\/12\/029-fairytale-wedding-at-cha\u0302teau-de-vaux-le-vicomte-293x400.jpg 293w, https:\/\/alejandrapoupel.com\/wp-content\/uploads\/2020\/12\/029-fairytale-wedding-at-cha\u0302teau-de-vaux-le-vicomte-300x410.jpg 300w\" sizes=\"(max-width: 1500px) 100vw, 1500px\" \/><\/a>\n\t\t\t<\/dt><\/dl><dl class='gallery-item'>\n\t\t\t<dt class='gallery-icon portrait'>\n\t\t\t\t<a href='https:\/\/alejandrapoupel.com\/fr\/mariage-feerique\/030-fairytale-wedding-at-cha%cc%82teau-de-vaux-le-vicomte\/'><img loading=\"lazy\" decoding=\"async\" width=\"1500\" height=\"2048\" src=\"https:\/\/alejandrapoupel.com\/wp-content\/uploads\/2020\/12\/030-fairytale-wedding-at-cha\u0302teau-de-vaux-le-vicomte.jpg\" class=\"attachment-full size-full\" alt=\"Ch\u00e2teau de Vaux-le-Vicomte champagne Mariage\" srcset=\"https:\/\/alejandrapoupel.com\/wp-content\/uploads\/2020\/12\/030-fairytale-wedding-at-cha\u0302teau-de-vaux-le-vicomte.jpg 1500w, https:\/\/alejandrapoupel.com\/wp-content\/uploads\/2020\/12\/030-fairytale-wedding-at-cha\u0302teau-de-vaux-le-vicomte-220x300.jpg 220w, https:\/\/alejandrapoupel.com\/wp-content\/uploads\/2020\/12\/030-fairytale-wedding-at-cha\u0302teau-de-vaux-le-vicomte-750x1024.jpg 750w, https:\/\/alejandrapoupel.com\/wp-content\/uploads\/2020\/12\/030-fairytale-wedding-at-cha\u0302teau-de-vaux-le-vicomte-768x1049.jpg 768w, https:\/\/alejandrapoupel.com\/wp-content\/uploads\/2020\/12\/030-fairytale-wedding-at-cha\u0302teau-de-vaux-le-vicomte-1125x1536.jpg 1125w, https:\/\/alejandrapoupel.com\/wp-content\/uploads\/2020\/12\/030-fairytale-wedding-at-cha\u0302teau-de-vaux-le-vicomte-293x400.jpg 293w, https:\/\/alejandrapoupel.com\/wp-content\/uploads\/2020\/12\/030-fairytale-wedding-at-cha\u0302teau-de-vaux-le-vicomte-300x410.jpg 300w\" sizes=\"(max-width: 1500px) 100vw, 1500px\" \/><\/a>\n\t\t\t<\/dt><\/dl><br style=\"clear: both\" \/>\n\t\t<\/div>\n\n<p><img loading=\"lazy\" decoding=\"async\" class=\"alignnone size-full wp-image-7996\" src=\"https:\/\/alejandrapoupel.com\/wp-content\/uploads\/2020\/12\/031-fairytale-wedding-at-ch\u00e2teau-de-vaux-le-vicomte.jpg\" alt=\"bride and groom with champagne tower\" width=\"1500\" height=\"2045\" \/><\/p>\n<h3 style=\"text-align: center;\">Comme une vraie princesse, Jessica \u00e9tait la belle du bal<\/h3>\n<p style=\"text-align: center;\">La mari\u00e9e portait une robe <a href=\"http:\/\/Ines Di Santo\">Ines Di Santo<\/a> \u00e0 couper le souffle qu&rsquo;elle a achet\u00e9e chez <a href=\"http:\/\/markingramatelier.com\">Mark Ingram<\/a> \u00e0 New York. (Je recommande souvent \u00e0 mes mari\u00e9es de visiter ce superbe atelier!) Avec la nature au c\u0153ur de la conception du mariage, la robe avait des d\u00e9tails floraux doux brod\u00e9s dessus, pour compl\u00e9ter le th\u00e8me. Jessica voulait \u00e9galement que le g\u00e2teau de mariage refl\u00e8te sa robe de r\u00eave, alors le p\u00e2tissier,<a href=\"https:\/\/www.bastien-blanc-tailleur.com\"> Bastien Blanc-Tailleur<\/a>, a re\u00e7u un \u00e9chantillon de la broderie et l&rsquo;a recr\u00e9\u00e9 exactement en sucre.<\/p>\n<p><img loading=\"lazy\" decoding=\"async\" class=\"alignnone size-full wp-image-7997\" src=\"https:\/\/alejandrapoupel.com\/wp-content\/uploads\/2020\/12\/032-fairytale-wedding-at-ch\u00e2teau-de-vaux-le-vicomte.jpg\" alt=\"Ch\u00e2teau de Vaux-le-Vicomte grand salon wedding reception\" width=\"1500\" height=\"1099\" \/><\/p>\n\n\t\t<style type=\"text\/css\">\n\t\t\t#gallery-19 {\n\t\t\t\tmargin: auto;\n\t\t\t}\n\t\t\t#gallery-19 .gallery-item {\n\t\t\t\tfloat: left;\n\t\t\t\tmargin-top: 10px;\n\t\t\t\ttext-align: center;\n\t\t\t\twidth: 50%;\n\t\t\t}\n\t\t\t#gallery-19 img {\n\t\t\t\tborder: 0;\n\t\t\t}\n\t\t\t#gallery-19 .gallery-caption {\n\t\t\t\tmargin-left: 0;\n\t\t\t}\n\t\t\t\/* see gallery_shortcode() in wp-includes\/media.php *\/\n\t\t<\/style>\n\t\t<div id='gallery-19' class='gallery galleryid-7962 gallery-columns-2 gallery-size-full'><dl class='gallery-item'>\n\t\t\t<dt class='gallery-icon portrait'>\n\t\t\t\t<a href='https:\/\/alejandrapoupel.com\/fr\/mariage-feerique\/033-fairytale-wedding-at-cha%cc%82teau-de-vaux-le-vicomte\/'><img loading=\"lazy\" decoding=\"async\" width=\"1500\" height=\"2045\" src=\"https:\/\/alejandrapoupel.com\/wp-content\/uploads\/2020\/12\/033-fairytale-wedding-at-cha\u0302teau-de-vaux-le-vicomte.jpg\" class=\"attachment-full size-full\" alt=\"blush and white wedding table d\u00e9cor\" srcset=\"https:\/\/alejandrapoupel.com\/wp-content\/uploads\/2020\/12\/033-fairytale-wedding-at-cha\u0302teau-de-vaux-le-vicomte.jpg 1500w, https:\/\/alejandrapoupel.com\/wp-content\/uploads\/2020\/12\/033-fairytale-wedding-at-cha\u0302teau-de-vaux-le-vicomte-220x300.jpg 220w, https:\/\/alejandrapoupel.com\/wp-content\/uploads\/2020\/12\/033-fairytale-wedding-at-cha\u0302teau-de-vaux-le-vicomte-751x1024.jpg 751w, https:\/\/alejandrapoupel.com\/wp-content\/uploads\/2020\/12\/033-fairytale-wedding-at-cha\u0302teau-de-vaux-le-vicomte-768x1047.jpg 768w, https:\/\/alejandrapoupel.com\/wp-content\/uploads\/2020\/12\/033-fairytale-wedding-at-cha\u0302teau-de-vaux-le-vicomte-1127x1536.jpg 1127w, https:\/\/alejandrapoupel.com\/wp-content\/uploads\/2020\/12\/033-fairytale-wedding-at-cha\u0302teau-de-vaux-le-vicomte-293x400.jpg 293w, https:\/\/alejandrapoupel.com\/wp-content\/uploads\/2020\/12\/033-fairytale-wedding-at-cha\u0302teau-de-vaux-le-vicomte-300x409.jpg 300w\" sizes=\"(max-width: 1500px) 100vw, 1500px\" \/><\/a>\n\t\t\t<\/dt><\/dl><dl class='gallery-item'>\n\t\t\t<dt class='gallery-icon portrait'>\n\t\t\t\t<a href='https:\/\/alejandrapoupel.com\/fr\/mariage-feerique\/034-fairytale-wedding-at-cha%cc%82teau-de-vaux-le-vicomte\/'><img loading=\"lazy\" decoding=\"async\" width=\"1500\" height=\"2046\" src=\"https:\/\/alejandrapoupel.com\/wp-content\/uploads\/2020\/12\/034-fairytale-wedding-at-cha\u0302teau-de-vaux-le-vicomte.jpg\" class=\"attachment-full size-full\" alt=\"gold laser cut table name sign\" srcset=\"https:\/\/alejandrapoupel.com\/wp-content\/uploads\/2020\/12\/034-fairytale-wedding-at-cha\u0302teau-de-vaux-le-vicomte.jpg 1500w, https:\/\/alejandrapoupel.com\/wp-content\/uploads\/2020\/12\/034-fairytale-wedding-at-cha\u0302teau-de-vaux-le-vicomte-220x300.jpg 220w, https:\/\/alejandrapoupel.com\/wp-content\/uploads\/2020\/12\/034-fairytale-wedding-at-cha\u0302teau-de-vaux-le-vicomte-751x1024.jpg 751w, https:\/\/alejandrapoupel.com\/wp-content\/uploads\/2020\/12\/034-fairytale-wedding-at-cha\u0302teau-de-vaux-le-vicomte-768x1048.jpg 768w, https:\/\/alejandrapoupel.com\/wp-content\/uploads\/2020\/12\/034-fairytale-wedding-at-cha\u0302teau-de-vaux-le-vicomte-1126x1536.jpg 1126w, https:\/\/alejandrapoupel.com\/wp-content\/uploads\/2020\/12\/034-fairytale-wedding-at-cha\u0302teau-de-vaux-le-vicomte-293x400.jpg 293w, https:\/\/alejandrapoupel.com\/wp-content\/uploads\/2020\/12\/034-fairytale-wedding-at-cha\u0302teau-de-vaux-le-vicomte-300x409.jpg 300w\" sizes=\"(max-width: 1500px) 100vw, 1500px\" \/><\/a>\n\t\t\t<\/dt><\/dl><br style=\"clear: both\" \/>\n\t\t<\/div>\n\n<p><img loading=\"lazy\" decoding=\"async\" class=\"alignnone size-full wp-image-8002\" src=\"https:\/\/alejandrapoupel.com\/wp-content\/uploads\/2020\/12\/035-fairytale-wedding-at-ch\u00e2teau-de-vaux-le-vicomte.jpg\" alt=\"Ch\u00e2teau de Vaux-le-Vicomte grand salon reception from above\" width=\"1500\" height=\"1125\" \/><\/p>\n\n\t\t<style type=\"text\/css\">\n\t\t\t#gallery-20 {\n\t\t\t\tmargin: auto;\n\t\t\t}\n\t\t\t#gallery-20 .gallery-item {\n\t\t\t\tfloat: left;\n\t\t\t\tmargin-top: 10px;\n\t\t\t\ttext-align: center;\n\t\t\t\twidth: 50%;\n\t\t\t}\n\t\t\t#gallery-20 img {\n\t\t\t\tborder: 0;\n\t\t\t}\n\t\t\t#gallery-20 .gallery-caption {\n\t\t\t\tmargin-left: 0;\n\t\t\t}\n\t\t\t\/* see gallery_shortcode() in wp-includes\/media.php *\/\n\t\t<\/style>\n\t\t<div id='gallery-20' class='gallery galleryid-7962 gallery-columns-2 gallery-size-full'><dl class='gallery-item'>\n\t\t\t<dt class='gallery-icon portrait'>\n\t\t\t\t<a href='https:\/\/alejandrapoupel.com\/fr\/mariage-feerique\/036-fairytale-wedding-at-cha%cc%82teau-de-vaux-le-vicomte\/'><img loading=\"lazy\" decoding=\"async\" width=\"1500\" height=\"2048\" src=\"https:\/\/alejandrapoupel.com\/wp-content\/uploads\/2020\/12\/036-fairytale-wedding-at-cha\u0302teau-de-vaux-le-vicomte.jpg\" class=\"attachment-full size-full\" alt=\"crystal chandeliers and floral arch reception d\u00e9cor\" srcset=\"https:\/\/alejandrapoupel.com\/wp-content\/uploads\/2020\/12\/036-fairytale-wedding-at-cha\u0302teau-de-vaux-le-vicomte.jpg 1500w, https:\/\/alejandrapoupel.com\/wp-content\/uploads\/2020\/12\/036-fairytale-wedding-at-cha\u0302teau-de-vaux-le-vicomte-220x300.jpg 220w, https:\/\/alejandrapoupel.com\/wp-content\/uploads\/2020\/12\/036-fairytale-wedding-at-cha\u0302teau-de-vaux-le-vicomte-750x1024.jpg 750w, https:\/\/alejandrapoupel.com\/wp-content\/uploads\/2020\/12\/036-fairytale-wedding-at-cha\u0302teau-de-vaux-le-vicomte-768x1049.jpg 768w, https:\/\/alejandrapoupel.com\/wp-content\/uploads\/2020\/12\/036-fairytale-wedding-at-cha\u0302teau-de-vaux-le-vicomte-1125x1536.jpg 1125w, https:\/\/alejandrapoupel.com\/wp-content\/uploads\/2020\/12\/036-fairytale-wedding-at-cha\u0302teau-de-vaux-le-vicomte-293x400.jpg 293w, https:\/\/alejandrapoupel.com\/wp-content\/uploads\/2020\/12\/036-fairytale-wedding-at-cha\u0302teau-de-vaux-le-vicomte-300x410.jpg 300w\" sizes=\"(max-width: 1500px) 100vw, 1500px\" \/><\/a>\n\t\t\t<\/dt><\/dl><dl class='gallery-item'>\n\t\t\t<dt class='gallery-icon portrait'>\n\t\t\t\t<a href='https:\/\/alejandrapoupel.com\/fr\/mariage-feerique\/037-fairytale-wedding-at-cha%cc%82teau-de-vaux-le-vicomte\/'><img loading=\"lazy\" decoding=\"async\" width=\"1500\" height=\"2046\" src=\"https:\/\/alejandrapoupel.com\/wp-content\/uploads\/2020\/12\/037-fairytale-wedding-at-cha\u0302teau-de-vaux-le-vicomte.jpg\" class=\"attachment-full size-full\" alt=\"blush napkins and menus with gold plates\" srcset=\"https:\/\/alejandrapoupel.com\/wp-content\/uploads\/2020\/12\/037-fairytale-wedding-at-cha\u0302teau-de-vaux-le-vicomte.jpg 1500w, https:\/\/alejandrapoupel.com\/wp-content\/uploads\/2020\/12\/037-fairytale-wedding-at-cha\u0302teau-de-vaux-le-vicomte-220x300.jpg 220w, https:\/\/alejandrapoupel.com\/wp-content\/uploads\/2020\/12\/037-fairytale-wedding-at-cha\u0302teau-de-vaux-le-vicomte-751x1024.jpg 751w, https:\/\/alejandrapoupel.com\/wp-content\/uploads\/2020\/12\/037-fairytale-wedding-at-cha\u0302teau-de-vaux-le-vicomte-768x1048.jpg 768w, https:\/\/alejandrapoupel.com\/wp-content\/uploads\/2020\/12\/037-fairytale-wedding-at-cha\u0302teau-de-vaux-le-vicomte-1126x1536.jpg 1126w, https:\/\/alejandrapoupel.com\/wp-content\/uploads\/2020\/12\/037-fairytale-wedding-at-cha\u0302teau-de-vaux-le-vicomte-293x400.jpg 293w, https:\/\/alejandrapoupel.com\/wp-content\/uploads\/2020\/12\/037-fairytale-wedding-at-cha\u0302teau-de-vaux-le-vicomte-300x409.jpg 300w\" sizes=\"(max-width: 1500px) 100vw, 1500px\" \/><\/a>\n\t\t\t<\/dt><\/dl><br style=\"clear: both\" \/>\n\t\t<\/div>\n\n<p><img loading=\"lazy\" decoding=\"async\" class=\"alignnone size-full wp-image-8005\" src=\"https:\/\/alejandrapoupel.com\/wp-content\/uploads\/2020\/12\/038-fairytale-wedding-at-ch\u00e2teau-de-vaux-le-vicomte.jpg\" alt=\"Ch\u00e2teau de Vaux-le-Vicomte wedding table d\u00e9cor\" width=\"1500\" height=\"2000\" \/><\/p>\n\n\t\t<style type=\"text\/css\">\n\t\t\t#gallery-21 {\n\t\t\t\tmargin: auto;\n\t\t\t}\n\t\t\t#gallery-21 .gallery-item {\n\t\t\t\tfloat: left;\n\t\t\t\tmargin-top: 10px;\n\t\t\t\ttext-align: center;\n\t\t\t\twidth: 50%;\n\t\t\t}\n\t\t\t#gallery-21 img {\n\t\t\t\tborder: 0;\n\t\t\t}\n\t\t\t#gallery-21 .gallery-caption {\n\t\t\t\tmargin-left: 0;\n\t\t\t}\n\t\t\t\/* see gallery_shortcode() in wp-includes\/media.php *\/\n\t\t<\/style>\n\t\t<div id='gallery-21' class='gallery galleryid-7962 gallery-columns-2 gallery-size-large'><dl class='gallery-item'>\n\t\t\t<dt class='gallery-icon portrait'>\n\t\t\t\t<a href='https:\/\/alejandrapoupel.com\/fr\/mariage-feerique\/039-fairytale-wedding-at-cha%cc%82teau-de-vaux-le-vicomte\/'><img loading=\"lazy\" decoding=\"async\" width=\"768\" height=\"1024\" src=\"https:\/\/alejandrapoupel.com\/wp-content\/uploads\/2020\/12\/039-fairytale-wedding-at-cha\u0302teau-de-vaux-le-vicomte-768x1024.jpg\" class=\"attachment-large size-large\" alt=\"place setting with laser cut name card\" srcset=\"https:\/\/alejandrapoupel.com\/wp-content\/uploads\/2020\/12\/039-fairytale-wedding-at-cha\u0302teau-de-vaux-le-vicomte-768x1024.jpg 768w, https:\/\/alejandrapoupel.com\/wp-content\/uploads\/2020\/12\/039-fairytale-wedding-at-cha\u0302teau-de-vaux-le-vicomte-225x300.jpg 225w, https:\/\/alejandrapoupel.com\/wp-content\/uploads\/2020\/12\/039-fairytale-wedding-at-cha\u0302teau-de-vaux-le-vicomte-1152x1536.jpg 1152w, https:\/\/alejandrapoupel.com\/wp-content\/uploads\/2020\/12\/039-fairytale-wedding-at-cha\u0302teau-de-vaux-le-vicomte-300x400.jpg 300w, https:\/\/alejandrapoupel.com\/wp-content\/uploads\/2020\/12\/039-fairytale-wedding-at-cha\u0302teau-de-vaux-le-vicomte.jpg 1500w\" sizes=\"(max-width: 768px) 100vw, 768px\" \/><\/a>\n\t\t\t<\/dt><\/dl><dl class='gallery-item'>\n\t\t\t<dt class='gallery-icon portrait'>\n\t\t\t\t<a href='https:\/\/alejandrapoupel.com\/fr\/mariage-feerique\/040-fairytale-wedding-at-cha%cc%82teau-de-vaux-le-vicomte\/'><img loading=\"lazy\" decoding=\"async\" width=\"768\" height=\"1024\" src=\"https:\/\/alejandrapoupel.com\/wp-content\/uploads\/2020\/12\/040-fairytale-wedding-at-cha\u0302teau-de-vaux-le-vicomte-768x1024.jpg\" class=\"attachment-large size-large\" alt=\"tall floral centrepiece with crystal details\" srcset=\"https:\/\/alejandrapoupel.com\/wp-content\/uploads\/2020\/12\/040-fairytale-wedding-at-cha\u0302teau-de-vaux-le-vicomte-768x1024.jpg 768w, https:\/\/alejandrapoupel.com\/wp-content\/uploads\/2020\/12\/040-fairytale-wedding-at-cha\u0302teau-de-vaux-le-vicomte-225x300.jpg 225w, https:\/\/alejandrapoupel.com\/wp-content\/uploads\/2020\/12\/040-fairytale-wedding-at-cha\u0302teau-de-vaux-le-vicomte-1152x1536.jpg 1152w, https:\/\/alejandrapoupel.com\/wp-content\/uploads\/2020\/12\/040-fairytale-wedding-at-cha\u0302teau-de-vaux-le-vicomte-300x400.jpg 300w, https:\/\/alejandrapoupel.com\/wp-content\/uploads\/2020\/12\/040-fairytale-wedding-at-cha\u0302teau-de-vaux-le-vicomte.jpg 1500w\" sizes=\"(max-width: 768px) 100vw, 768px\" \/><\/a>\n\t\t\t<\/dt><\/dl><br style=\"clear: both\" \/>\n\t\t<\/div>\n\n<p><img loading=\"lazy\" decoding=\"async\" class=\"alignnone size-full wp-image-8008\" src=\"https:\/\/alejandrapoupel.com\/wp-content\/uploads\/2020\/12\/041-fairytale-wedding-at-ch\u00e2teau-de-vaux-le-vicomte.jpg\" alt=\"sweetheart table with floral arch\" width=\"1500\" height=\"2000\" \/><\/p>\n<p style=\"text-align: center;\">En plus de tous les d\u00e9tails, j&rsquo;ai ador\u00e9 les \u00e9l\u00e9ments personnels que Jessica et Sidney ont apport\u00e9s \u00e0 leur grand jour. Avant le mariage, nous avons eu un d\u00eener de bienvenue, qui comprenait des friandises polonaises que nous avions pr\u00e9par\u00e9es par un restaurant polonais ici \u00e0 Paris pour honorer l&rsquo;h\u00e9ritage de la mari\u00e9e. Le jour du mariage, les invit\u00e9s ont re\u00e7u des bouteilles de vodka personnalis\u00e9es avec leurs noms inscrits dessus &#8211; une autre tradition polonaise.<\/p>\n\n\t\t<style type=\"text\/css\">\n\t\t\t#gallery-22 {\n\t\t\t\tmargin: auto;\n\t\t\t}\n\t\t\t#gallery-22 .gallery-item {\n\t\t\t\tfloat: left;\n\t\t\t\tmargin-top: 10px;\n\t\t\t\ttext-align: center;\n\t\t\t\twidth: 50%;\n\t\t\t}\n\t\t\t#gallery-22 img {\n\t\t\t\tborder: 0;\n\t\t\t}\n\t\t\t#gallery-22 .gallery-caption {\n\t\t\t\tmargin-left: 0;\n\t\t\t}\n\t\t\t\/* see gallery_shortcode() in wp-includes\/media.php *\/\n\t\t<\/style>\n\t\t<div id='gallery-22' class='gallery galleryid-7962 gallery-columns-2 gallery-size-full'><dl class='gallery-item'>\n\t\t\t<dt class='gallery-icon portrait'>\n\t\t\t\t<a href='https:\/\/alejandrapoupel.com\/fr\/mariage-feerique\/042-fairytale-wedding-at-cha%cc%82teau-de-vaux-le-vicomte\/'><img loading=\"lazy\" decoding=\"async\" width=\"1500\" height=\"2000\" src=\"https:\/\/alejandrapoupel.com\/wp-content\/uploads\/2020\/12\/042-fairytale-wedding-at-cha\u0302teau-de-vaux-le-vicomte.jpg\" class=\"attachment-full size-full\" alt=\"hanging crystals from floral centrepiece\" srcset=\"https:\/\/alejandrapoupel.com\/wp-content\/uploads\/2020\/12\/042-fairytale-wedding-at-cha\u0302teau-de-vaux-le-vicomte.jpg 1500w, https:\/\/alejandrapoupel.com\/wp-content\/uploads\/2020\/12\/042-fairytale-wedding-at-cha\u0302teau-de-vaux-le-vicomte-225x300.jpg 225w, https:\/\/alejandrapoupel.com\/wp-content\/uploads\/2020\/12\/042-fairytale-wedding-at-cha\u0302teau-de-vaux-le-vicomte-768x1024.jpg 768w, https:\/\/alejandrapoupel.com\/wp-content\/uploads\/2020\/12\/042-fairytale-wedding-at-cha\u0302teau-de-vaux-le-vicomte-1152x1536.jpg 1152w, https:\/\/alejandrapoupel.com\/wp-content\/uploads\/2020\/12\/042-fairytale-wedding-at-cha\u0302teau-de-vaux-le-vicomte-300x400.jpg 300w\" sizes=\"(max-width: 1500px) 100vw, 1500px\" \/><\/a>\n\t\t\t<\/dt><\/dl><dl class='gallery-item'>\n\t\t\t<dt class='gallery-icon portrait'>\n\t\t\t\t<a href='https:\/\/alejandrapoupel.com\/fr\/mariage-feerique\/043-fairytale-wedding-at-cha%cc%82teau-de-vaux-le-vicomte\/'><img loading=\"lazy\" decoding=\"async\" width=\"1500\" height=\"2000\" src=\"https:\/\/alejandrapoupel.com\/wp-content\/uploads\/2020\/12\/043-fairytale-wedding-at-cha\u0302teau-de-vaux-le-vicomte.jpg\" class=\"attachment-full size-full\" alt=\"Ch\u00e2teau de Vaux-le-Vicomte wedding reception sweetheart table\" srcset=\"https:\/\/alejandrapoupel.com\/wp-content\/uploads\/2020\/12\/043-fairytale-wedding-at-cha\u0302teau-de-vaux-le-vicomte.jpg 1500w, https:\/\/alejandrapoupel.com\/wp-content\/uploads\/2020\/12\/043-fairytale-wedding-at-cha\u0302teau-de-vaux-le-vicomte-225x300.jpg 225w, https:\/\/alejandrapoupel.com\/wp-content\/uploads\/2020\/12\/043-fairytale-wedding-at-cha\u0302teau-de-vaux-le-vicomte-768x1024.jpg 768w, https:\/\/alejandrapoupel.com\/wp-content\/uploads\/2020\/12\/043-fairytale-wedding-at-cha\u0302teau-de-vaux-le-vicomte-1152x1536.jpg 1152w, https:\/\/alejandrapoupel.com\/wp-content\/uploads\/2020\/12\/043-fairytale-wedding-at-cha\u0302teau-de-vaux-le-vicomte-300x400.jpg 300w\" sizes=\"(max-width: 1500px) 100vw, 1500px\" \/><\/a>\n\t\t\t<\/dt><\/dl><br style=\"clear: both\" \/>\n\t\t<\/div>\n\n\n\t\t<style type=\"text\/css\">\n\t\t\t#gallery-23 {\n\t\t\t\tmargin: auto;\n\t\t\t}\n\t\t\t#gallery-23 .gallery-item {\n\t\t\t\tfloat: left;\n\t\t\t\tmargin-top: 10px;\n\t\t\t\ttext-align: center;\n\t\t\t\twidth: 50%;\n\t\t\t}\n\t\t\t#gallery-23 img {\n\t\t\t\tborder: 0;\n\t\t\t}\n\t\t\t#gallery-23 .gallery-caption {\n\t\t\t\tmargin-left: 0;\n\t\t\t}\n\t\t\t\/* see gallery_shortcode() in wp-includes\/media.php *\/\n\t\t<\/style>\n\t\t<div id='gallery-23' class='gallery galleryid-7962 gallery-columns-2 gallery-size-full'><dl class='gallery-item'>\n\t\t\t<dt class='gallery-icon portrait'>\n\t\t\t\t<a href='https:\/\/alejandrapoupel.com\/fr\/mariage-feerique\/044-fairytale-wedding-at-cha%cc%82teau-de-vaux-le-vicomte\/'><img loading=\"lazy\" decoding=\"async\" width=\"550\" height=\"750\" src=\"https:\/\/alejandrapoupel.com\/wp-content\/uploads\/2020\/12\/044-fairytale-wedding-at-cha\u0302teau-de-vaux-le-vicomte-e1608431085389.jpg\" class=\"attachment-full size-full\" alt=\"polish tradition personalized vodka bottles favor\" \/><\/a>\n\t\t\t<\/dt><\/dl><dl class='gallery-item'>\n\t\t\t<dt class='gallery-icon portrait'>\n\t\t\t\t<a href='https:\/\/alejandrapoupel.com\/fr\/mariage-feerique\/045-fairytale-wedding-at-cha%cc%82teau-de-vaux-le-vicomte\/'><img loading=\"lazy\" decoding=\"async\" width=\"1500\" height=\"2000\" src=\"https:\/\/alejandrapoupel.com\/wp-content\/uploads\/2020\/12\/045-fairytale-wedding-at-cha\u0302teau-de-vaux-le-vicomte.jpg\" class=\"attachment-full size-full\" alt=\"evening reception with crystal candelabra\" srcset=\"https:\/\/alejandrapoupel.com\/wp-content\/uploads\/2020\/12\/045-fairytale-wedding-at-cha\u0302teau-de-vaux-le-vicomte.jpg 1500w, https:\/\/alejandrapoupel.com\/wp-content\/uploads\/2020\/12\/045-fairytale-wedding-at-cha\u0302teau-de-vaux-le-vicomte-225x300.jpg 225w, https:\/\/alejandrapoupel.com\/wp-content\/uploads\/2020\/12\/045-fairytale-wedding-at-cha\u0302teau-de-vaux-le-vicomte-768x1024.jpg 768w, https:\/\/alejandrapoupel.com\/wp-content\/uploads\/2020\/12\/045-fairytale-wedding-at-cha\u0302teau-de-vaux-le-vicomte-1152x1536.jpg 1152w, https:\/\/alejandrapoupel.com\/wp-content\/uploads\/2020\/12\/045-fairytale-wedding-at-cha\u0302teau-de-vaux-le-vicomte-300x400.jpg 300w\" sizes=\"(max-width: 1500px) 100vw, 1500px\" \/><\/a>\n\t\t\t<\/dt><\/dl><br style=\"clear: both\" \/>\n\t\t<\/div>\n\n<p style=\"text-align: center;\">\u00c0 la tomb\u00e9e de la nuit, les jardins flamboyaient de plus de 4000 bougies, que nous avions demand\u00e9 au personnel du Ch\u00e2teau de Vaux-le-Vicomte de placer pour l&rsquo;occasion. C&rsquo;\u00e9tait absolument magnifique! Les mari\u00e9s ont ouvert la piste de danse avec une premi\u00e8re danse magique, entour\u00e9s de leurs proches tenant des cierges. Jessica et ses demoiselles d&rsquo;honneur avaient \u00e9galement pr\u00e9par\u00e9 un spectacle de danse sp\u00e9cial pour Sidney \u00e0 l&rsquo;after party. C&rsquo;\u00e9tait un moment inoubliable! Le mari\u00e9 avait \u00e9galement une surprise dans sa manche, des feux d&rsquo;artifice \u00e0 couper le souffle. C&rsquo;est toujours si sp\u00e9cial d&rsquo;avoir la mari\u00e9e surprise de quelque chose lors de leur mariage!<\/p>\n\n\t\t<style type=\"text\/css\">\n\t\t\t#gallery-24 {\n\t\t\t\tmargin: auto;\n\t\t\t}\n\t\t\t#gallery-24 .gallery-item {\n\t\t\t\tfloat: left;\n\t\t\t\tmargin-top: 10px;\n\t\t\t\ttext-align: center;\n\t\t\t\twidth: 50%;\n\t\t\t}\n\t\t\t#gallery-24 img {\n\t\t\t\tborder: 0;\n\t\t\t}\n\t\t\t#gallery-24 .gallery-caption {\n\t\t\t\tmargin-left: 0;\n\t\t\t}\n\t\t\t\/* see gallery_shortcode() in wp-includes\/media.php *\/\n\t\t<\/style>\n\t\t<div id='gallery-24' class='gallery galleryid-7962 gallery-columns-2 gallery-size-full'><dl class='gallery-item'>\n\t\t\t<dt class='gallery-icon landscape'>\n\t\t\t\t<a href='https:\/\/alejandrapoupel.com\/fr\/mariage-feerique\/047-fairytale-wedding-at-cha%cc%82teau-de-vaux-le-vicomte\/'><img loading=\"lazy\" decoding=\"async\" width=\"1500\" height=\"1100\" src=\"https:\/\/alejandrapoupel.com\/wp-content\/uploads\/2020\/12\/047-fairytale-wedding-at-cha\u0302teau-de-vaux-le-vicomte.jpg\" class=\"attachment-full size-full\" alt=\"wedding band\" srcset=\"https:\/\/alejandrapoupel.com\/wp-content\/uploads\/2020\/12\/047-fairytale-wedding-at-cha\u0302teau-de-vaux-le-vicomte.jpg 1500w, https:\/\/alejandrapoupel.com\/wp-content\/uploads\/2020\/12\/047-fairytale-wedding-at-cha\u0302teau-de-vaux-le-vicomte-300x220.jpg 300w, https:\/\/alejandrapoupel.com\/wp-content\/uploads\/2020\/12\/047-fairytale-wedding-at-cha\u0302teau-de-vaux-le-vicomte-1024x751.jpg 1024w, https:\/\/alejandrapoupel.com\/wp-content\/uploads\/2020\/12\/047-fairytale-wedding-at-cha\u0302teau-de-vaux-le-vicomte-768x563.jpg 768w, https:\/\/alejandrapoupel.com\/wp-content\/uploads\/2020\/12\/047-fairytale-wedding-at-cha\u0302teau-de-vaux-le-vicomte-545x400.jpg 545w\" sizes=\"(max-width: 1500px) 100vw, 1500px\" \/><\/a>\n\t\t\t<\/dt><\/dl><dl class='gallery-item'>\n\t\t\t<dt class='gallery-icon landscape'>\n\t\t\t\t<a href='https:\/\/alejandrapoupel.com\/fr\/mariage-feerique\/048-fairytale-wedding-at-cha%cc%82teau-de-vaux-le-vicomte\/'><img loading=\"lazy\" decoding=\"async\" width=\"1500\" height=\"1100\" src=\"https:\/\/alejandrapoupel.com\/wp-content\/uploads\/2020\/12\/048-fairytale-wedding-at-cha\u0302teau-de-vaux-le-vicomte.jpg\" class=\"attachment-full size-full\" alt=\"sparklers on wedding dance floor\" srcset=\"https:\/\/alejandrapoupel.com\/wp-content\/uploads\/2020\/12\/048-fairytale-wedding-at-cha\u0302teau-de-vaux-le-vicomte.jpg 1500w, https:\/\/alejandrapoupel.com\/wp-content\/uploads\/2020\/12\/048-fairytale-wedding-at-cha\u0302teau-de-vaux-le-vicomte-300x220.jpg 300w, https:\/\/alejandrapoupel.com\/wp-content\/uploads\/2020\/12\/048-fairytale-wedding-at-cha\u0302teau-de-vaux-le-vicomte-1024x751.jpg 1024w, https:\/\/alejandrapoupel.com\/wp-content\/uploads\/2020\/12\/048-fairytale-wedding-at-cha\u0302teau-de-vaux-le-vicomte-768x563.jpg 768w, https:\/\/alejandrapoupel.com\/wp-content\/uploads\/2020\/12\/048-fairytale-wedding-at-cha\u0302teau-de-vaux-le-vicomte-545x400.jpg 545w\" sizes=\"(max-width: 1500px) 100vw, 1500px\" \/><\/a>\n\t\t\t<\/dt><\/dl><br style=\"clear: both\" \/>\n\t\t<\/div>\n\n<p style=\"text-align: center;\"><img loading=\"lazy\" decoding=\"async\" class=\"alignnone size-full wp-image-8016\" src=\"https:\/\/alejandrapoupel.com\/wp-content\/uploads\/2020\/12\/049-fairytale-wedding-at-ch\u00e2teau-de-vaux-le-vicomte.jpg\" alt=\"bride and groom first dance kiss\" width=\"1500\" height=\"1000\" \/>Nous remercions\u00a0tous les prestaires qui ont contribu\u00e9 \u00e0 rendre possible ce mariage de conte de f\u00e9es, et bien s\u00fbr, \u00e0 mes clients. Le Ch\u00e2teau de Vaux-le-Vicomte a organis\u00e9 des f\u00eates spectaculaires au cours de son histoire, et cela en restera une autre!<\/p>\n<p style=\"text-align: center;\">Prestaires : Wedding Planner: <a href=\"https:\/\/alejandrapoupel.com\/\" target=\"_blank\" rel=\"noopener noreferrer\">Alejandra Poupel Events<\/a>, Venue: <a href=\"https:\/\/vaux-le-vicomte.com\/\" target=\"_blank\" rel=\"noopener noreferrer\">Ch\u00e2teau de Vaux-le-Vicomte<\/a>, Fleuriste et Event Designer: <a href=\"https:\/\/roni-floral-design.com\/en\/\" target=\"_blank\" rel=\"noopener noreferrer\">RONI<\/a>, Invitations: <a href=\"http:\/\/www.cecinewyork.com\" target=\"_blank\" rel=\"noopener noreferrer\">Ceci New York<\/a>, Location Fournitures : <a href=\"https:\/\/www.options.fr\" target=\"_blank\" rel=\"noopener noreferrer\">Maison Options<\/a>, Linge : <a href=\"http:\/\/nuagedesigns.com\" target=\"_blank\" rel=\"noopener noreferrer\">Nuages Designs Inc<\/a>, Cr\u00e9ateur de G\u00e2teaux de Mariage: <a href=\"https:\/\/www.bastien-blanc-tailleur.com\" target=\"_blank\" rel=\"noopener noreferrer\">Bastien Blanc-Tailleur<\/a>, Lumi\u00e8re et Son : <a href=\"http:\/\/bstechnology.fr\" target=\"_blank\" rel=\"noopener noreferrer\">BS Technology<\/a>, Traiteur : <a href=\"https:\/\/lenotre.com\/\" target=\"_blank\" rel=\"noopener noreferrer\">Fauchon Lenotre<\/a>, Photographer : <a href=\"http:\/\/www.rossharvey.com\" target=\"_blank\" rel=\"noopener noreferrer\">Ross Harvey<\/a>, <a href=\"http:\/\/www.gregfinck.com\" target=\"_blank\" rel=\"noopener noreferrer\">Greg Finck<\/a>, Videographer : <a href=\"http:\/\/zenfilmworks.net\" target=\"_blank\" rel=\"noopener noreferrer\">Zen Film Works<\/a>, Robe de Mari\u00e9 : <a href=\"https:\/\/www.inesdisanto.com\/\" target=\"_blank\" rel=\"noopener noreferrer\">Ines Di Santo<\/a>, Chaussure : <a href=\"https:\/\/row.jimmychoo.com\/en\/home\" target=\"_blank\" rel=\"noopener noreferrer\">Jimmy Choo<\/a>, Makeup: Kassundra of <a href=\"https:\/\/www.botias.co.uk\/\" target=\"_blank\" rel=\"noopener noreferrer\">Botias Hair and Makeup<\/a>, H\u00f4tesses: <a href=\"https:\/\/www.selectively.co\" target=\"_blank\" rel=\"noopener noreferrer\">Selectively<\/a>, Divertissement : <a href=\"https:\/\/www.cocktailshows.fr\" target=\"_blank\" rel=\"noopener noreferrer\">Cocktail Shows<\/a>, Groupe de Musique : <a href=\"http:\/\/www.inspiration-music.com\" target=\"_blank\" rel=\"noopener noreferrer\">Inspiration Live Music<\/a><\/p>\n<p><\/p>","protected":false},"excerpt":{"rendered":"<p>Il \u00e9tait une fois deux belles \u00e2mes tomb\u00e8rent amoureuses\u2026 Le mariage de Jessica et Sidney au Ch\u00e2teau de Vaux-le-Vicomte \u00e9tait po\u00e9tique, comme un conte de f\u00e9es dans un cadre magnifique, riche en histoire et en romance. Il contenait tous les \u00e9l\u00e9ments du livre de contes: un grand ch\u00e2teau fran\u00e7ais avec les jardins les plus magiques, [&hellip;]<\/p>\n","protected":false},"author":2,"featured_media":7982,"comment_status":"open","ping_status":"open","sticky":false,"template":"","format":"standard","meta":{"footnotes":""},"categories":[35,1,4],"tags":[211,117,116,161,106,105],"class_list":["post-7962","post","type-post","status-publish","format-standard","has-post-thumbnail","hentry","category-luxury","category-event","category-mariage","tag-chateau-de-vaux-le-vicomte","tag-chateau-wedding","tag-chateau-wedding-venue","tag-couture-wedding-dress","tag-destination-wedding","tag-destination-wedding-france"],"yoast_head":"<!-- This site is optimized with the Yoast SEO plugin v20.10 - https:\/\/yoast.com\/wordpress\/plugins\/seo\/ -->\n<title>Un Mariage de Conte de F\u00e9es au Ch\u00e2teau Embl\u00e9matique de Vaux-le-Vicomte -<\/title>\n<meta name=\"description\" content=\"{:en}Thisbeautiful, luxurious wedding at the Ch\u00e2teau de Vaux-le-Vicomte was straight out of the pages of a fairytale!This beautiful, luxurious wedding at the Ch\u00e2teau de Vaux-le-Vicomte was straight out of the pages of a fairytale! {:fr} Ce magnifique et luxueux mariage au Ch\u00e2teau Vaux-le-Vicomte sortait tout droit des pages d&#039;un conte de f\u00e9es! {:}\" \/>\n<meta name=\"robots\" content=\"index, follow, max-snippet:-1, max-image-preview:large, max-video-preview:-1\" \/>\n<link rel=\"canonical\" href=\"https:\/\/alejandrapoupel.com\/fr\/mariage-feerique\/\" \/>\n<meta property=\"og:locale\" content=\"fr_FR\" \/>\n<meta property=\"og:type\" content=\"article\" \/>\n<meta property=\"og:title\" content=\"[:en]A Fairytale Wedding at the Iconic Ch\u00e2teau de Vaux-le-Vicomte[:fr]Un Mariage de Conte de F\u00e9es au Ch\u00e2teau Embl\u00e9matique de Vaux-le-Vicomte[:] -\" \/>\n<meta property=\"og:description\" content=\"{:en}Thisbeautiful, luxurious wedding at the Ch\u00e2teau de Vaux-le-Vicomte was straight out of the pages of a fairytale!This beautiful, luxurious wedding at the Ch\u00e2teau de Vaux-le-Vicomte was straight out of the pages of a fairytale! {:fr} Ce magnifique et luxueux mariage au Ch\u00e2teau Vaux-le-Vicomte sortait tout droit des pages d&#039;un conte de f\u00e9es! {:}\" \/>\n<meta property=\"og:url\" content=\"https:\/\/alejandrapoupel.com\/fr\/mariage-feerique\/\" \/>\n<meta property=\"article:publisher\" content=\"https:\/\/www.facebook.com\/alejandrapoupelevents\/\" \/>\n<meta property=\"article:published_time\" content=\"2021-02-17T16:26:21+00:00\" \/>\n<meta property=\"article:modified_time\" content=\"2021-05-05T13:07:49+00:00\" \/>\n<meta property=\"og:image\" content=\"https:\/\/alejandrapoupel.com\/wp-content\/uploads\/2020\/12\/018-fairytale-wedding-at-cha\u0302teau-de-vaux-le-vicomte.jpg\" \/>\n\t<meta property=\"og:image:width\" content=\"1500\" \/>\n\t<meta property=\"og:image:height\" content=\"1099\" \/>\n\t<meta property=\"og:image:type\" content=\"image\/jpeg\" \/>\n<meta name=\"author\" content=\"Alejandra Poupel\" \/>\n<meta name=\"twitter:card\" content=\"summary_large_image\" \/>\n<meta name=\"twitter:label1\" content=\"\u00c9crit par\" \/>\n\t<meta name=\"twitter:data1\" content=\"Alejandra Poupel\" \/>\n\t<meta name=\"twitter:label2\" content=\"Dur\u00e9e de lecture estim\u00e9e\" \/>\n\t<meta name=\"twitter:data2\" content=\"12 minutes\" \/>\n<script type=\"application\/ld+json\" class=\"yoast-schema-graph\">{\"@context\":\"https:\/\/schema.org\",\"@graph\":[{\"@type\":\"WebPage\",\"@id\":\"https:\/\/alejandrapoupel.com\/fr\/mariage-feerique\/\",\"url\":\"https:\/\/alejandrapoupel.com\/fr\/mariage-feerique\/\",\"name\":\"[:en]A Fairytale Wedding at the Iconic Ch\u00e2teau de Vaux-le-Vicomte[:fr]Un Mariage de Conte de F\u00e9es au Ch\u00e2teau Embl\u00e9matique de Vaux-le-Vicomte[:] -\",\"isPartOf\":{\"@id\":\"https:\/\/alejandrapoupel.com\/#website\"},\"datePublished\":\"2021-02-17T16:26:21+00:00\",\"dateModified\":\"2021-05-05T13:07:49+00:00\",\"author\":{\"@id\":\"https:\/\/alejandrapoupel.com\/#\/schema\/person\/72b4730b5cbff5c242bc153dae85c338\"},\"description\":\"{:en}Thisbeautiful, luxurious wedding at the Ch\u00e2teau de Vaux-le-Vicomte was straight out of the pages of a fairytale!This beautiful, luxurious wedding at the Ch\u00e2teau de Vaux-le-Vicomte was straight out of the pages of a fairytale! {:fr} Ce magnifique et luxueux mariage au Ch\u00e2teau Vaux-le-Vicomte sortait tout droit des pages d'un conte de f\u00e9es! {:}\",\"breadcrumb\":{\"@id\":\"https:\/\/alejandrapoupel.com\/fr\/mariage-feerique\/#breadcrumb\"},\"inLanguage\":\"fr-FR\",\"potentialAction\":[{\"@type\":\"ReadAction\",\"target\":[\"https:\/\/alejandrapoupel.com\/fr\/mariage-feerique\/\"]}]},{\"@type\":\"BreadcrumbList\",\"@id\":\"https:\/\/alejandrapoupel.com\/fr\/mariage-feerique\/#breadcrumb\",\"itemListElement\":[{\"@type\":\"ListItem\",\"position\":1,\"name\":\"Accueil\",\"item\":\"https:\/\/alejandrapoupel.com\/\"},{\"@type\":\"ListItem\",\"position\":2,\"name\":\"A Fairytale Wedding at the Iconic Ch\u00e2teau de Vaux-le-Vicomte\"}]},{\"@type\":\"WebSite\",\"@id\":\"https:\/\/alejandrapoupel.com\/#website\",\"url\":\"https:\/\/alejandrapoupel.com\/\",\"name\":\"\",\"description\":\"Wedding &amp; Events Planner in Paris\",\"potentialAction\":[{\"@type\":\"SearchAction\",\"target\":{\"@type\":\"EntryPoint\",\"urlTemplate\":\"https:\/\/alejandrapoupel.com\/?s={search_term_string}\"},\"query-input\":\"required name=search_term_string\"}],\"inLanguage\":\"fr-FR\"},{\"@type\":\"Person\",\"@id\":\"https:\/\/alejandrapoupel.com\/#\/schema\/person\/72b4730b5cbff5c242bc153dae85c338\",\"name\":\"Alejandra Poupel\",\"image\":{\"@type\":\"ImageObject\",\"inLanguage\":\"fr-FR\",\"@id\":\"https:\/\/alejandrapoupel.com\/#\/schema\/person\/image\/\",\"url\":\"https:\/\/secure.gravatar.com\/avatar\/e1638190595858b792cbb4d84b4fe50d56a1091d4bee8dc48799b011f5e20f03?s=96&d=mm&r=g\",\"contentUrl\":\"https:\/\/secure.gravatar.com\/avatar\/e1638190595858b792cbb4d84b4fe50d56a1091d4bee8dc48799b011f5e20f03?s=96&d=mm&r=g\",\"caption\":\"Alejandra Poupel\"},\"url\":\"https:\/\/alejandrapoupel.com\/fr\/author\/alejandra\/\"}]}<\/script>\n<!-- \/ Yoast SEO plugin. -->","yoast_head_json":{"title":"[:en]A Fairytale Wedding at the Iconic Ch\u00e2teau de Vaux-le-Vicomte[:fr]Un Mariage de Conte de F\u00e9es au Ch\u00e2teau Embl\u00e9matique de Vaux-le-Vicomte[:] -","description":"{:en}Thisbeautiful, luxurious wedding at the Ch\u00e2teau de Vaux-le-Vicomte was straight out of the pages of a fairytale!This beautiful, luxurious wedding at the Ch\u00e2teau de Vaux-le-Vicomte was straight out of the pages of a fairytale! {:fr} Ce magnifique et luxueux mariage au Ch\u00e2teau Vaux-le-Vicomte sortait tout droit des pages d'un conte de f\u00e9es! {:}","robots":{"index":"index","follow":"follow","max-snippet":"max-snippet:-1","max-image-preview":"max-image-preview:large","max-video-preview":"max-video-preview:-1"},"canonical":"https:\/\/alejandrapoupel.com\/fr\/mariage-feerique\/","og_locale":"fr_FR","og_type":"article","og_title":"[:en]A Fairytale Wedding at the Iconic Ch\u00e2teau de Vaux-le-Vicomte[:fr]Un Mariage de Conte de F\u00e9es au Ch\u00e2teau Embl\u00e9matique de Vaux-le-Vicomte[:] -","og_description":"{:en}Thisbeautiful, luxurious wedding at the Ch\u00e2teau de Vaux-le-Vicomte was straight out of the pages of a fairytale!This beautiful, luxurious wedding at the Ch\u00e2teau de Vaux-le-Vicomte was straight out of the pages of a fairytale! {:fr} Ce magnifique et luxueux mariage au Ch\u00e2teau Vaux-le-Vicomte sortait tout droit des pages d'un conte de f\u00e9es! {:}","og_url":"https:\/\/alejandrapoupel.com\/fr\/mariage-feerique\/","article_publisher":"https:\/\/www.facebook.com\/alejandrapoupelevents\/","article_published_time":"2021-02-17T16:26:21+00:00","article_modified_time":"2021-05-05T13:07:49+00:00","og_image":[{"width":1500,"height":1099,"url":"https:\/\/alejandrapoupel.com\/wp-content\/uploads\/2020\/12\/018-fairytale-wedding-at-cha\u0302teau-de-vaux-le-vicomte.jpg","type":"image\/jpeg"}],"author":"Alejandra Poupel","twitter_card":"summary_large_image","twitter_misc":{"\u00c9crit par":"Alejandra Poupel","Dur\u00e9e de lecture estim\u00e9e":"12 minutes"},"schema":{"@context":"https:\/\/schema.org","@graph":[{"@type":"WebPage","@id":"https:\/\/alejandrapoupel.com\/fr\/mariage-feerique\/","url":"https:\/\/alejandrapoupel.com\/fr\/mariage-feerique\/","name":"[:en]A Fairytale Wedding at the Iconic Ch\u00e2teau de Vaux-le-Vicomte[:fr]Un Mariage de Conte de F\u00e9es au Ch\u00e2teau Embl\u00e9matique de Vaux-le-Vicomte[:] -","isPartOf":{"@id":"https:\/\/alejandrapoupel.com\/#website"},"datePublished":"2021-02-17T16:26:21+00:00","dateModified":"2021-05-05T13:07:49+00:00","author":{"@id":"https:\/\/alejandrapoupel.com\/#\/schema\/person\/72b4730b5cbff5c242bc153dae85c338"},"description":"{:en}Thisbeautiful, luxurious wedding at the Ch\u00e2teau de Vaux-le-Vicomte was straight out of the pages of a fairytale!This beautiful, luxurious wedding at the Ch\u00e2teau de Vaux-le-Vicomte was straight out of the pages of a fairytale! {:fr} Ce magnifique et luxueux mariage au Ch\u00e2teau Vaux-le-Vicomte sortait tout droit des pages d'un conte de f\u00e9es! {:}","breadcrumb":{"@id":"https:\/\/alejandrapoupel.com\/fr\/mariage-feerique\/#breadcrumb"},"inLanguage":"fr-FR","potentialAction":[{"@type":"ReadAction","target":["https:\/\/alejandrapoupel.com\/fr\/mariage-feerique\/"]}]},{"@type":"BreadcrumbList","@id":"https:\/\/alejandrapoupel.com\/fr\/mariage-feerique\/#breadcrumb","itemListElement":[{"@type":"ListItem","position":1,"name":"Accueil","item":"https:\/\/alejandrapoupel.com\/"},{"@type":"ListItem","position":2,"name":"A Fairytale Wedding at the Iconic Ch\u00e2teau de Vaux-le-Vicomte"}]},{"@type":"WebSite","@id":"https:\/\/alejandrapoupel.com\/#website","url":"https:\/\/alejandrapoupel.com\/","name":"","description":"Wedding &amp; Events Planner in Paris","potentialAction":[{"@type":"SearchAction","target":{"@type":"EntryPoint","urlTemplate":"https:\/\/alejandrapoupel.com\/?s={search_term_string}"},"query-input":"required name=search_term_string"}],"inLanguage":"fr-FR"},{"@type":"Person","@id":"https:\/\/alejandrapoupel.com\/#\/schema\/person\/72b4730b5cbff5c242bc153dae85c338","name":"Alejandra Poupel","image":{"@type":"ImageObject","inLanguage":"fr-FR","@id":"https:\/\/alejandrapoupel.com\/#\/schema\/person\/image\/","url":"https:\/\/secure.gravatar.com\/avatar\/e1638190595858b792cbb4d84b4fe50d56a1091d4bee8dc48799b011f5e20f03?s=96&d=mm&r=g","contentUrl":"https:\/\/secure.gravatar.com\/avatar\/e1638190595858b792cbb4d84b4fe50d56a1091d4bee8dc48799b011f5e20f03?s=96&d=mm&r=g","caption":"Alejandra Poupel"},"url":"https:\/\/alejandrapoupel.com\/fr\/author\/alejandra\/"}]}},"_links":{"self":[{"href":"https:\/\/alejandrapoupel.com\/fr\/wp-json\/wp\/v2\/posts\/7962","targetHints":{"allow":["GET"]}}],"collection":[{"href":"https:\/\/alejandrapoupel.com\/fr\/wp-json\/wp\/v2\/posts"}],"about":[{"href":"https:\/\/alejandrapoupel.com\/fr\/wp-json\/wp\/v2\/types\/post"}],"author":[{"embeddable":true,"href":"https:\/\/alejandrapoupel.com\/fr\/wp-json\/wp\/v2\/users\/2"}],"replies":[{"embeddable":true,"href":"https:\/\/alejandrapoupel.com\/fr\/wp-json\/wp\/v2\/comments?post=7962"}],"version-history":[{"count":0,"href":"https:\/\/alejandrapoupel.com\/fr\/wp-json\/wp\/v2\/posts\/7962\/revisions"}],"wp:featuredmedia":[{"embeddable":true,"href":"https:\/\/alejandrapoupel.com\/fr\/wp-json\/wp\/v2\/media\/7982"}],"wp:attachment":[{"href":"https:\/\/alejandrapoupel.com\/fr\/wp-json\/wp\/v2\/media?parent=7962"}],"wp:term":[{"taxonomy":"category","embeddable":true,"href":"https:\/\/alejandrapoupel.com\/fr\/wp-json\/wp\/v2\/categories?post=7962"},{"taxonomy":"post_tag","embeddable":true,"href":"https:\/\/alejandrapoupel.com\/fr\/wp-json\/wp\/v2\/tags?post=7962"}],"curies":[{"name":"wp","href":"https:\/\/api.w.org\/{rel}","templated":true}]}}